{"id":112071,"date":"2020-01-23T10:09:11","date_gmt":"2020-01-23T09:09:11","guid":{"rendered":"http:\/\/polishscience.pl\/?p=112071"},"modified":"2020-01-23T10:09:11","modified_gmt":"2020-01-23T09:09:11","slug":"ii-forum-akademicko-gospodarcze-uczelnie-i-przedsiebiorstwa-na-rzecz-stabilnego-rozwoju-kraju","status":"publish","type":"post","link":"https:\/\/www.polishscience.pl\/pl\/ii-forum-akademicko-gospodarcze-uczelnie-i-przedsiebiorstwa-na-rzecz-stabilnego-rozwoju-kraju\/","title":{"rendered":"II Forum Akademicko-Gospodarcze \u201eUczelnie i Przedsi\u0119biorstwa na rzecz stabilnego rozwoju kraju\u201d"},"content":{"rendered":"<p><strong>6 lutego 2020 roku w Centrum Zarz\u0105dzania Innowacjami i Transferem Technologii Politechniki Warszawskiej odb\u0119dzie si\u0119 II Forum Akademicko-Gospodarcze \u201eUczelnie i Przedsi\u0119biorstwa na rzecz stabilnego rozwoju kraju\u201d.\u00a0<\/strong><\/p>\n<p>W wydarzeniu wezm\u0105 udzia\u0142 wybitni eksperci, przedstawiciele \u015brodowiska badawczo-rozwojowego, czo\u0142owych polskich uczelni, administracji pa\u0144stwowej i przedsi\u0119biorstw.<\/p>\n<p>Uczestnicy forum przyjrz\u0105 si\u0119 pierwszym do\u015bwiadczeniom dzia\u0142aj\u0105cych od ponad p\u00f3\u0142 roku Rad Uczelni oraz ich programom dzia\u0142ania. B\u0119d\u0105 dyskutowa\u0107 o oczekiwanych kompetencjach absolwent\u00f3w uczelni, w szczeg\u00f3lno\u015bci zwracaj\u0105c uwag\u0119 na wyniki prac Sektorowych Rad ds. Kompetencji. Zajm\u0105 si\u0119 tak\u017ce kwesti\u0105 publicznego i prywatnego finansowania wsp\u00f3\u0142pracy uczelni z przedsi\u0119biorstwami.<\/p>\n<p>II Forum Akademicko-Gospodarcze honorowym patronatem obj\u0119li: Minister Nauki i Szkolnictwa Wy\u017cszego, Minister Rozwoju oraz Minister Funduszy i Polityki Regionalnej.<\/p>\n<p>jp<\/p>\n","protected":false},"excerpt":{"rendered":"<p>6 lutego 2020 roku w Centrum Zarz\u0105dzania Innowacjami i Transferem Technologii Politechniki Warszawskiej odb\u0119dzie si\u0119 II Forum Akademicko-Gospodarcze \u201eUczelnie i Przedsi\u0119biorstwa na rzecz stabilnego rozwoju kraju\u201d.\u00a0 W wydarzeniu wezm\u0105 udzia\u0142 wybitni eksperci, przedstawiciele \u015brodowiska badawczo-rozwojowego, czo\u0142owych polskich uczelni, administracji pa\u0144stwowej i przedsi\u0119biorstw. Uczestnicy forum przyjrz\u0105 si\u0119 pierwszym do\u015bwiadczeniom dzia\u0142aj\u0105cych od ponad p\u00f3\u0142 roku Rad Uczelni [&hellip;]<\/p>\n","protected":false},"author":6,"featured_media":0,"comment_status":"closed","ping_status":"closed","sticky":false,"template":"","format":"standard","meta":[],"categories":[20,22],"tags":[],"_links":{"self":[{"href":"https:\/\/www.polishscience.pl\/pl\/wp-json\/wp\/v2\/posts\/112071"}],"collection":[{"href":"https:\/\/www.polishscience.pl\/pl\/wp-json\/wp\/v2\/posts"}],"about":[{"href":"https:\/\/www.polishscience.pl\/pl\/wp-json\/wp\/v2\/types\/post"}],"author":[{"embeddable":true,"href":"https:\/\/www.polishscience.pl\/pl\/wp-json\/wp\/v2\/users\/6"}],"replies":[{"embeddable":true,"href":"https:\/\/www.polishscience.pl\/pl\/wp-json\/wp\/v2\/comments?post=112071"}],"version-history":[{"count":0,"href":"https:\/\/www.polishscience.pl\/pl\/wp-json\/wp\/v2\/posts\/112071\/revisions"}],"wp:attachment":[{"href":"https:\/\/www.polishscience.pl\/pl\/wp-json\/wp\/v2\/media?parent=112071"}],"wp:term":[{"taxonomy":"category","embeddable":true,"href":"https:\/\/www.polishscience.pl\/pl\/wp-json\/wp\/v2\/categories?post=112071"},{"taxonomy":"post_tag","embeddable":true,"href":"https:\/\/www.polishscience.pl\/pl\/wp-json\/wp\/v2\/tags?post=112071"}],"curies":[{"name":"wp","href":"https:\/\/api.w.org\/{rel}","templated":true}]}}