{"id":111717,"date":"2020-01-21T12:03:35","date_gmt":"2020-01-21T11:03:35","guid":{"rendered":"http:\/\/polishscience.pl\/?p=111717"},"modified":"2020-01-21T12:03:35","modified_gmt":"2020-01-21T11:03:35","slug":"rusza-pilotazowy-projekt-ministerstwa-rozwoju-i-ministerstwa-edukacji-narodowej-szkola-dla-innowatora","status":"publish","type":"post","link":"https:\/\/www.polishscience.pl\/pl\/rusza-pilotazowy-projekt-ministerstwa-rozwoju-i-ministerstwa-edukacji-narodowej-szkola-dla-innowatora\/","title":{"rendered":"Rusza pilota\u017cowy projekt Ministerstwa Rozwoju i Ministerstwa Edukacji Narodowej \u201eSzko\u0142a dla innowatora\u201d"},"content":{"rendered":"<p><strong>W lutym rozpocznie si\u0119 realizacja pilota\u017cowego projektu \u201eSzko\u0142a dla innowatora\u201d. W wybranych 20 szko\u0142ach wypracowane b\u0119d\u0105 rozwi\u0105zania s\u0142u\u017c\u0105ce kszta\u0142towaniu i rozwijaniu kompetencji proinnowacyjnych u dzieci. Owocem pilota\u017cu b\u0119d\u0105 rekomendacje dotycz\u0105ce proinnowacyjnych kompetencji dla ca\u0142ego systemu o\u015bwiaty \u2013 informuje Ministerstwo Rozwoju.<\/strong><\/p>\n<p>W ka\u017cdej ze szk\u00f3\u0142 eksperci b\u0119d\u0105 pracowali z jedn\u0105 si\u00f3dm\u0105 klas\u0105 oraz jej nauczycielami i dyrekcj\u0105. Wsparcie otrzymane w projekcie pozwoli na przeprowadzenie rozwijaj\u0105cego kompetencje proinnowacyjne intensywnego programu, kt\u00f3ry mo\u017ce by\u0107 p\u00f3\u017aniej rozszerzany na kolejne klasy.<\/p>\n<p>&#8211; Je\u017celi chcemy stworzy\u0107 w Polsce wysok\u0105 kultur\u0119 innowacyjno\u015bci, to droga ku temu\u00a0 zaczyna si\u0119 ju\u017c na etapie szko\u0142y podstawowej, bo to w\u0142a\u015bnie w niej dzieci powinny spotka\u0107 si\u0119 z podej\u015bciem otwartym na kreatywne i innowacyjne my\u015blenie. Dlatego w otwartym procesie\u00a0 wybrali\u015bmy szko\u0142y, kt\u00f3re stan\u0105 si\u0119 laboratorium nowoczesnego nauczania \u2013 m\u00f3wi minister rozwoju Jadwiga Emilewicz.<\/p>\n<p>&nbsp;<\/p>\n<p>jsz<\/p>\n","protected":false},"excerpt":{"rendered":"<p>W lutym rozpocznie si\u0119 realizacja pilota\u017cowego projektu \u201eSzko\u0142a dla innowatora\u201d. W wybranych 20 szko\u0142ach wypracowane b\u0119d\u0105 rozwi\u0105zania s\u0142u\u017c\u0105ce kszta\u0142towaniu i rozwijaniu kompetencji proinnowacyjnych u dzieci. Owocem pilota\u017cu b\u0119d\u0105 rekomendacje dotycz\u0105ce proinnowacyjnych kompetencji dla ca\u0142ego systemu o\u015bwiaty \u2013 informuje Ministerstwo Rozwoju. W ka\u017cdej ze szk\u00f3\u0142 eksperci b\u0119d\u0105 pracowali z jedn\u0105 si\u00f3dm\u0105 klas\u0105 oraz jej nauczycielami i [&hellip;]<\/p>\n","protected":false},"author":6,"featured_media":0,"comment_status":"closed","ping_status":"closed","sticky":false,"template":"","format":"standard","meta":[],"categories":[17],"tags":[],"_links":{"self":[{"href":"https:\/\/www.polishscience.pl\/pl\/wp-json\/wp\/v2\/posts\/111717"}],"collection":[{"href":"https:\/\/www.polishscience.pl\/pl\/wp-json\/wp\/v2\/posts"}],"about":[{"href":"https:\/\/www.polishscience.pl\/pl\/wp-json\/wp\/v2\/types\/post"}],"author":[{"embeddable":true,"href":"https:\/\/www.polishscience.pl\/pl\/wp-json\/wp\/v2\/users\/6"}],"replies":[{"embeddable":true,"href":"https:\/\/www.polishscience.pl\/pl\/wp-json\/wp\/v2\/comments?post=111717"}],"version-history":[{"count":0,"href":"https:\/\/www.polishscience.pl\/pl\/wp-json\/wp\/v2\/posts\/111717\/revisions"}],"wp:attachment":[{"href":"https:\/\/www.polishscience.pl\/pl\/wp-json\/wp\/v2\/media?parent=111717"}],"wp:term":[{"taxonomy":"category","embeddable":true,"href":"https:\/\/www.polishscience.pl\/pl\/wp-json\/wp\/v2\/categories?post=111717"},{"taxonomy":"post_tag","embeddable":true,"href":"https:\/\/www.polishscience.pl\/pl\/wp-json\/wp\/v2\/tags?post=111717"}],"curies":[{"name":"wp","href":"https:\/\/api.w.org\/{rel}","templated":true}]}}