{"id":111715,"date":"2020-01-21T12:03:02","date_gmt":"2020-01-21T11:03:02","guid":{"rendered":"http:\/\/polishscience.pl\/?p=111715"},"modified":"2020-01-21T12:03:02","modified_gmt":"2020-01-21T11:03:02","slug":"o-przyszlosci-badan-naukowych-na-konferencji-na-uniwersytecie-slaskim","status":"publish","type":"post","link":"https:\/\/www.polishscience.pl\/pl\/o-przyszlosci-badan-naukowych-na-konferencji-na-uniwersytecie-slaskim\/","title":{"rendered":"O przysz\u0142o\u015bci bada\u0144 naukowych na konferencji na Uniwersytecie \u015al\u0105skim"},"content":{"rendered":"<p><strong>Polsko-Ameryka\u0144ska Komisja Fulbrighta oraz wydzia\u0142 prawa i administracji Uniwersytetu \u015al\u0105skiego zapraszaj\u0105 31 stycznia i 1 lutego na\u00a0 mi\u0119dzynarodow\u0105 konferencj\u0119 naukow\u0105 \u201ePrzysz\u0142o\u015b\u0107 bada\u0144 naukowych w \u015bwietle prawa autorskiego, kodeks\u00f3w etycznych naukowc\u00f3w oraz kryteri\u00f3w ocen jako\u015bci bada\u0144\u201d.<\/strong><\/p>\n<p>Spotkanie adresowane jest w szczeg\u00f3lno\u015bci do naukowc\u00f3w, absolwent\u00f3w i stypendyst\u00f3w programu Fulbrighta. W programie zaplanowano trzy panele tematyczne oraz dyskusj\u0119 po\u015bwi\u0119con\u0105 zagadnieniom zwi\u0105zanym z oddzia\u0142ywaniem polityki punktacji prac naukowych na rozw\u00f3j nauk spo\u0142ecznych i humanistycznych.<\/p>\n<p>Udzia\u0142 w konferencji zapowiedzieli prof. Sarah de Rijcke (Leiden University), prof. David Budtz Pedersen (Aalborg Universitet), prof. Peter van den Besselaar (Vrije Universiteit Amsterdam), prof. Gunnar Sivertsen (Norwegian Institute for Research Analysis) i prof. Theresa Beiner (UA Little Rock William H. Bowen School of Law) \u2013 informuj\u0105 organizatorzy.<\/p>\n<p>Wi\u0119cej: <a href=\"https:\/\/us.edu.pl\/event\/konferencja-przyszlosc-badan-naukowych-w-swietle-prawa-autorskiego-kodeksow-etycznych-naukowcow-oraz-kryteriow-ocen-jakosci-badan\/\">https:\/\/us.edu.pl\/event\/konferencja-przyszlosc-badan-naukowych-w-swietle-prawa-autorskiego-kodeksow-etycznych-naukowcow-oraz-kryteriow-ocen-jakosci-badan\/<\/a><\/p>\n<p>&nbsp;<\/p>\n<p>jsz<\/p>\n","protected":false},"excerpt":{"rendered":"<p>Polsko-Ameryka\u0144ska Komisja Fulbrighta oraz wydzia\u0142 prawa i administracji Uniwersytetu \u015al\u0105skiego zapraszaj\u0105 31 stycznia i 1 lutego na\u00a0 mi\u0119dzynarodow\u0105 konferencj\u0119 naukow\u0105 \u201ePrzysz\u0142o\u015b\u0107 bada\u0144 naukowych w \u015bwietle prawa autorskiego, kodeks\u00f3w etycznych naukowc\u00f3w oraz kryteri\u00f3w ocen jako\u015bci bada\u0144\u201d. Spotkanie adresowane jest w szczeg\u00f3lno\u015bci do naukowc\u00f3w, absolwent\u00f3w i stypendyst\u00f3w programu Fulbrighta. W programie zaplanowano trzy panele tematyczne oraz dyskusj\u0119 [&hellip;]<\/p>\n","protected":false},"author":6,"featured_media":0,"comment_status":"closed","ping_status":"closed","sticky":false,"template":"","format":"standard","meta":[],"categories":[22],"tags":[],"_links":{"self":[{"href":"https:\/\/www.polishscience.pl\/pl\/wp-json\/wp\/v2\/posts\/111715"}],"collection":[{"href":"https:\/\/www.polishscience.pl\/pl\/wp-json\/wp\/v2\/posts"}],"about":[{"href":"https:\/\/www.polishscience.pl\/pl\/wp-json\/wp\/v2\/types\/post"}],"author":[{"embeddable":true,"href":"https:\/\/www.polishscience.pl\/pl\/wp-json\/wp\/v2\/users\/6"}],"replies":[{"embeddable":true,"href":"https:\/\/www.polishscience.pl\/pl\/wp-json\/wp\/v2\/comments?post=111715"}],"version-history":[{"count":0,"href":"https:\/\/www.polishscience.pl\/pl\/wp-json\/wp\/v2\/posts\/111715\/revisions"}],"wp:attachment":[{"href":"https:\/\/www.polishscience.pl\/pl\/wp-json\/wp\/v2\/media?parent=111715"}],"wp:term":[{"taxonomy":"category","embeddable":true,"href":"https:\/\/www.polishscience.pl\/pl\/wp-json\/wp\/v2\/categories?post=111715"},{"taxonomy":"post_tag","embeddable":true,"href":"https:\/\/www.polishscience.pl\/pl\/wp-json\/wp\/v2\/tags?post=111715"}],"curies":[{"name":"wp","href":"https:\/\/api.w.org\/{rel}","templated":true}]}}