{"id":110543,"date":"2020-01-14T09:52:05","date_gmt":"2020-01-14T08:52:05","guid":{"rendered":"http:\/\/polishscience.pl\/?p=110543"},"modified":"2020-01-14T09:52:05","modified_gmt":"2020-01-14T08:52:05","slug":"arcybiskup-stanislaw-budzik-doktorem-honoris-causa-uniwersytetu-przyrodniczego-w-lublinie","status":"publish","type":"post","link":"https:\/\/www.polishscience.pl\/pl\/arcybiskup-stanislaw-budzik-doktorem-honoris-causa-uniwersytetu-przyrodniczego-w-lublinie\/","title":{"rendered":"Arcybiskup Stanis\u0142aw Budzik doktorem honoris causa Uniwersytetu Przyrodniczego w Lublinie"},"content":{"rendered":"<p><strong>Tytu\u0142em doktora honoris causa Uniwersytetu Przyrodniczego (UP) w\u00a0Lublinie zostanie uhonorowany metropolita lubelski arcybiskup Stanis\u0142aw Budzik. Uroczysto\u015b\u0107 odb\u0119dzie si\u0119 23 stycznia.<\/strong><\/p>\n<p>Presti\u017cowe wyr\u00f3\u017cnienie zostanie przyznane w\u00a0uznaniu zas\u0142ug abp. Budzika jako wybitnego uczonego o\u00a0renomie europejskiej, organizatora \u017cycia religijnego na Lubelszczy\u017anie i w\u00a0Polsce \u2013 czytamy w\u00a0uchwale uczelnianego Senatu.<\/p>\n<p>W\u0142adze UP chc\u0105 w\u00a0ten spos\u00f3b podkre\u015bli\u0107 tak\u017ce kontynuacj\u0119 przez metropolit\u0119 dzia\u0142ania jego poprzednik\u00f3w w\u00a0zakresie \u201edialogu Ko\u015bcio\u0142a z\u00a0przedstawicielami \u015bwiata kultury oraz jego pos\u0142ug\u0119 pastersk\u0105 wobec \u015brodowiska akademickiego\u201d.<\/p>\n<p>Abp. Stanis\u0142aw Budzik jest absolwentem Katolickiego Uniwersytetu Lubelskiego (KUL), na kt\u00f3rym w\u00a01977 roku uzyska\u0142 tytu\u0142 magistra teologii. Na KUL pe\u0142ni obecnie funkcj\u0119 Wielkiego Kanclerza. Prac\u0119 doktorsk\u0105 obroni\u0142 na Uniwersytecie w\u00a0Innsbrucku, a\u00a0habilitacj\u0119 zdoby\u0142 w\u00a0Papieskiej Akademii Teologicznej w\u00a0Krakowie, na kt\u00f3rej w\u00a02002 roku otrzyma\u0142 stanowisko profesora. Metropolit\u0105 lubelskim jest od 2011 roku.<\/p>\n<p>jp<\/p>\n","protected":false},"excerpt":{"rendered":"<p>Tytu\u0142em doktora honoris causa Uniwersytetu Przyrodniczego (UP) w\u00a0Lublinie zostanie uhonorowany metropolita lubelski arcybiskup Stanis\u0142aw Budzik. Uroczysto\u015b\u0107 odb\u0119dzie si\u0119 23 stycznia. Presti\u017cowe wyr\u00f3\u017cnienie zostanie przyznane w\u00a0uznaniu zas\u0142ug abp. Budzika jako wybitnego uczonego o\u00a0renomie europejskiej, organizatora \u017cycia religijnego na Lubelszczy\u017anie i w\u00a0Polsce \u2013 czytamy w\u00a0uchwale uczelnianego Senatu. W\u0142adze UP chc\u0105 w\u00a0ten spos\u00f3b podkre\u015bli\u0107 tak\u017ce kontynuacj\u0119 przez metropolit\u0119 [&hellip;]<\/p>\n","protected":false},"author":6,"featured_media":0,"comment_status":"closed","ping_status":"closed","sticky":false,"template":"","format":"standard","meta":[],"categories":[21],"tags":[],"_links":{"self":[{"href":"https:\/\/www.polishscience.pl\/pl\/wp-json\/wp\/v2\/posts\/110543"}],"collection":[{"href":"https:\/\/www.polishscience.pl\/pl\/wp-json\/wp\/v2\/posts"}],"about":[{"href":"https:\/\/www.polishscience.pl\/pl\/wp-json\/wp\/v2\/types\/post"}],"author":[{"embeddable":true,"href":"https:\/\/www.polishscience.pl\/pl\/wp-json\/wp\/v2\/users\/6"}],"replies":[{"embeddable":true,"href":"https:\/\/www.polishscience.pl\/pl\/wp-json\/wp\/v2\/comments?post=110543"}],"version-history":[{"count":0,"href":"https:\/\/www.polishscience.pl\/pl\/wp-json\/wp\/v2\/posts\/110543\/revisions"}],"wp:attachment":[{"href":"https:\/\/www.polishscience.pl\/pl\/wp-json\/wp\/v2\/media?parent=110543"}],"wp:term":[{"taxonomy":"category","embeddable":true,"href":"https:\/\/www.polishscience.pl\/pl\/wp-json\/wp\/v2\/categories?post=110543"},{"taxonomy":"post_tag","embeddable":true,"href":"https:\/\/www.polishscience.pl\/pl\/wp-json\/wp\/v2\/tags?post=110543"}],"curies":[{"name":"wp","href":"https:\/\/api.w.org\/{rel}","templated":true}]}}