{"id":110542,"date":"2020-01-14T09:52:09","date_gmt":"2020-01-14T08:52:09","guid":{"rendered":"http:\/\/polishscience.pl\/?p=110542"},"modified":"2020-01-14T09:52:09","modified_gmt":"2020-01-14T08:52:09","slug":"obchody-swiatowego-dnia-logiki-na-uniwersytecie-warszawskim","status":"publish","type":"post","link":"https:\/\/www.polishscience.pl\/pl\/obchody-swiatowego-dnia-logiki-na-uniwersytecie-warszawskim\/","title":{"rendered":"Obchody \u015awiatowego Dnia Logiki na Uniwersytecie Warszawskim"},"content":{"rendered":"<p><strong>14 stycznia to \u015awiatowy Dzie\u0144 Logiki. Z tej okazji na Uniwersytecie Warszawskim (UW) odb\u0119dzie si\u0119 debata \u201ePo co nam logika\u201d.<\/strong><\/p>\n<p>Spotkanie na temat sensu rozwijania tej dyscypliny, zastosowa\u0144 logiki, a tak\u017ce podzia\u0142u na tzw. lepsz\u0105 i gorsz\u0105 logik\u0119 odb\u0119dzie si\u0119 14 stycznia w Instytucie Filozofii UW. W dyskusji wezm\u0105 udzia\u0142 pracownicy Instytutu Filozofii oraz Wydzia\u0142u Polonistyki \u2013 informuje UW.<\/p>\n<p>\u015awiatowy Dzie\u0144 Logiki (World Logic Day) zosta\u0142 zainicjowany przez prof. Jeana-Yves\u2019a Beziau. To mi\u0119dzynarodowe wydarzenie jest obchodzone w rocznic\u0119 urodzin Alfreda Tarskiego i rocznic\u0119 \u015bmierci Kurta G\u00f6dla, uczonych uznawanych za jednych z najwa\u017cniejszych logik\u00f3w na \u015bwiecie. \u015awiatowy Dzie\u0144 Logiki ma s\u0142u\u017cy\u0107 promocji logiki i zacie\u015bnianiu wsp\u00f3\u0142pracy mi\u0119dzy pracownikami naukowymi zainteresowanymi t\u0105 subdyscyplin\u0105. Inicjatywa jest obj\u0119ta patronatem UNESCO.<\/p>\n<p>jp<\/p>\n","protected":false},"excerpt":{"rendered":"<p>14 stycznia to \u015awiatowy Dzie\u0144 Logiki. Z tej okazji na Uniwersytecie Warszawskim (UW) odb\u0119dzie si\u0119 debata \u201ePo co nam logika\u201d. Spotkanie na temat sensu rozwijania tej dyscypliny, zastosowa\u0144 logiki, a tak\u017ce podzia\u0142u na tzw. lepsz\u0105 i gorsz\u0105 logik\u0119 odb\u0119dzie si\u0119 14 stycznia w Instytucie Filozofii UW. W dyskusji wezm\u0105 udzia\u0142 pracownicy Instytutu Filozofii oraz Wydzia\u0142u [&hellip;]<\/p>\n","protected":false},"author":6,"featured_media":0,"comment_status":"closed","ping_status":"closed","sticky":false,"template":"","format":"standard","meta":[],"categories":[22],"tags":[],"_links":{"self":[{"href":"https:\/\/www.polishscience.pl\/pl\/wp-json\/wp\/v2\/posts\/110542"}],"collection":[{"href":"https:\/\/www.polishscience.pl\/pl\/wp-json\/wp\/v2\/posts"}],"about":[{"href":"https:\/\/www.polishscience.pl\/pl\/wp-json\/wp\/v2\/types\/post"}],"author":[{"embeddable":true,"href":"https:\/\/www.polishscience.pl\/pl\/wp-json\/wp\/v2\/users\/6"}],"replies":[{"embeddable":true,"href":"https:\/\/www.polishscience.pl\/pl\/wp-json\/wp\/v2\/comments?post=110542"}],"version-history":[{"count":0,"href":"https:\/\/www.polishscience.pl\/pl\/wp-json\/wp\/v2\/posts\/110542\/revisions"}],"wp:attachment":[{"href":"https:\/\/www.polishscience.pl\/pl\/wp-json\/wp\/v2\/media?parent=110542"}],"wp:term":[{"taxonomy":"category","embeddable":true,"href":"https:\/\/www.polishscience.pl\/pl\/wp-json\/wp\/v2\/categories?post=110542"},{"taxonomy":"post_tag","embeddable":true,"href":"https:\/\/www.polishscience.pl\/pl\/wp-json\/wp\/v2\/tags?post=110542"}],"curies":[{"name":"wp","href":"https:\/\/api.w.org\/{rel}","templated":true}]}}