{"id":110328,"date":"2020-01-13T13:58:58","date_gmt":"2020-01-13T12:58:58","guid":{"rendered":"http:\/\/polishscience.pl\/?p=110328"},"modified":"2020-01-13T14:38:55","modified_gmt":"2020-01-13T13:38:55","slug":"naukowcy-politechniki-wroclawskiej-ze-stypendiami-z-programu-im-bekkera","status":"publish","type":"post","link":"https:\/\/www.polishscience.pl\/pl\/naukowcy-politechniki-wroclawskiej-ze-stypendiami-z-programu-im-bekkera\/","title":{"rendered":"Naukowcy Politechniki Wroc\u0142awskiej ze stypendiami z programu im. Bekkera"},"content":{"rendered":"<p style=\"margin: 0cm 0cm 8.0pt 0cm;\"><b><span style=\"color: black;\">Sze\u015bcioro naukowc\u00f3w z Politechniki Wroc\u0142awskiej otrzyma\u0142o stypendia z programu im. Bekkera organizowanego przez Narodow\u0105 Agencj\u0119 Wymiany Akademickiej \u2013 informuje uczelnia.<\/span><\/b><\/p>\n<p style=\"margin: 0cm 0cm 8.0pt 0cm;\"><span style=\"color: black;\">W\u015br\u00f3d stypendyst\u00f3w z Politechniki s\u0105 m.in. dr in\u017c. Demi Pandelidis z wydzia\u0142u mechaniczno-energetycznego, kt\u00f3ry na ameryka\u0144skim Uniwersytecie Illinois zrealizuje projekt \u201eSuperefektywna wie\u017ca ch\u0142odnicza\u201d oraz dr Mateusz Dyksik z wydzia\u0142u podstawowych problem\u00f3w techniki, kt\u00f3ry we francuskim Centre National de la Recherche Scientifique zrealizuje projekt \u201eSpektroskopia magneto-optyczna bezo\u0142owiowych perowskit\u00f3w podw\u00f3jnych do zastosowa\u0144 fotowoltaicznych i optoelektronicznych\u201d.<\/span><\/p>\n<p style=\"margin: 0cm 0cm 8.0pt 0cm;\"><span style=\"color: black;\">Celem programu im. Bekkera jest zwi\u0119kszenie mobilno\u015bci mi\u0119dzynarodowej polskich naukowc\u00f3w i nauczycieli akademickich poprzez umo\u017cliwienie im odbycia sta\u017cu podoktorskiego, prowadzenia bada\u0144 naukowych lub pozyskania materia\u0142\u00f3w do pracy naukowej w presti\u017cowych o\u015brodkach zagranicznych na zasadach stypendialnych.\u00a0<\/span><\/p>\n<p style=\"margin: 0cm 0cm 8.0pt 0cm;\"><span style=\"color: black;\">Wi\u0119cej: <\/span><a href=\"https:\/\/pwr.edu.pl\/uczelnia\/aktualnosci\/szescioro-naukowcow-z-pwr-wyjedzie-na-zagraniczne-staze-11449.html\"><span style=\"color: #0563c1;\">https:\/\/pwr.edu.pl\/uczelnia\/aktualnosci\/szescioro-naukowcow-z-pwr-wyjedzie-na-zagraniczne-staze-11449.html<\/span><\/a><\/p>\n<p style=\"margin: 0cm 0cm 8.0pt 0cm;\"><span style=\"color: black;\">jsz<\/span><\/p>\n","protected":false},"excerpt":{"rendered":"<p>Sze\u015bcioro naukowc\u00f3w z Politechniki Wroc\u0142awskiej otrzyma\u0142o stypendia z programu im. Bekkera organizowanego przez Narodow\u0105 Agencj\u0119 Wymiany Akademickiej \u2013 informuje uczelnia. W\u015br\u00f3d stypendyst\u00f3w z Politechniki s\u0105 m.in. dr in\u017c. Demi Pandelidis z wydzia\u0142u mechaniczno-energetycznego, kt\u00f3ry na ameryka\u0144skim Uniwersytecie Illinois zrealizuje projekt \u201eSuperefektywna wie\u017ca ch\u0142odnicza\u201d oraz dr Mateusz Dyksik z wydzia\u0142u podstawowych problem\u00f3w techniki, kt\u00f3ry we francuskim [&hellip;]<\/p>\n","protected":false},"author":6,"featured_media":0,"comment_status":"closed","ping_status":"closed","sticky":false,"template":"","format":"standard","meta":[],"categories":[19,21],"tags":[],"_links":{"self":[{"href":"https:\/\/www.polishscience.pl\/pl\/wp-json\/wp\/v2\/posts\/110328"}],"collection":[{"href":"https:\/\/www.polishscience.pl\/pl\/wp-json\/wp\/v2\/posts"}],"about":[{"href":"https:\/\/www.polishscience.pl\/pl\/wp-json\/wp\/v2\/types\/post"}],"author":[{"embeddable":true,"href":"https:\/\/www.polishscience.pl\/pl\/wp-json\/wp\/v2\/users\/6"}],"replies":[{"embeddable":true,"href":"https:\/\/www.polishscience.pl\/pl\/wp-json\/wp\/v2\/comments?post=110328"}],"version-history":[{"count":0,"href":"https:\/\/www.polishscience.pl\/pl\/wp-json\/wp\/v2\/posts\/110328\/revisions"}],"wp:attachment":[{"href":"https:\/\/www.polishscience.pl\/pl\/wp-json\/wp\/v2\/media?parent=110328"}],"wp:term":[{"taxonomy":"category","embeddable":true,"href":"https:\/\/www.polishscience.pl\/pl\/wp-json\/wp\/v2\/categories?post=110328"},{"taxonomy":"post_tag","embeddable":true,"href":"https:\/\/www.polishscience.pl\/pl\/wp-json\/wp\/v2\/tags?post=110328"}],"curies":[{"name":"wp","href":"https:\/\/api.w.org\/{rel}","templated":true}]}}