{"id":109412,"date":"2020-01-07T09:40:27","date_gmt":"2020-01-07T08:40:27","guid":{"rendered":"http:\/\/polishscience.pl\/?p=109412"},"modified":"2020-01-07T09:40:27","modified_gmt":"2020-01-07T08:40:27","slug":"miedzynarodowa-konferencja-projektu-europejski-sondaz-spoleczny","status":"publish","type":"post","link":"https:\/\/www.polishscience.pl\/pl\/miedzynarodowa-konferencja-projektu-europejski-sondaz-spoleczny\/","title":{"rendered":"Mi\u0119dzynarodowa konferencja projektu \u201eEuropejski Sonda\u017c Spo\u0142eczny\u201d"},"content":{"rendered":"<p><strong>Instytut Filozofii i Socjologii Polskiej Akademii Nauk (IFiS PAN) zaprasza 5 lutego na mi\u0119dzynarodow\u0105 konferencj\u0119 \u201dPoland and its European context: Continuity and Change\u201d, po\u015bwi\u0119con\u0105 prezentacji wynik\u00f3w 9. edycji projektu \u201eEuropejski Sonda\u017c Spo\u0142eczny\u201d, kt\u00f3ra odb\u0119dzie si\u0119 w Warszawie.<\/strong><\/p>\n<p>Jak informuj\u0105 organizatorzy, podczas konferencji przewidziane s\u0105 trzy sesje. B\u0119d\u0105 po\u015bwi\u0119cone zagadnieniom spo\u0142ecznego poczucia sprawiedliwo\u015bci, wyobra\u017ce\u0144 o najlepszym czasie na wa\u017cne etapy \u017cycia, takie jak ma\u0142\u017ce\u0144stwo, emerytura, itp. oraz postaw wobec imigracji i imigrant\u00f3w.<\/p>\n<p>Europejski Sonda\u017c Spo\u0142eczny (ESS) jest jednym z najwi\u0119kszych i najwa\u017cniejszych europejskich projekt\u00f3w badawczych, w kt\u00f3rym uczestniczy ok. 30 kraj\u00f3w. W 2005 roku zosta\u0142 on uhonorowany Nagrod\u0105 Kartezjusza, przyznawan\u0105 \u00a0przez Komisj\u0119 Europejsk\u0105. W 2013 roku projekt ESS uzyska\u0142 status European Research Infrastracutre Consortium (ERIC), a w 2014 roku zosta\u0142 wpisany na Polsk\u0105 Map\u0119 Drogow\u0105 Infrastruktury Badawczej.<\/p>\n<p>jp<\/p>\n","protected":false},"excerpt":{"rendered":"<p>Instytut Filozofii i Socjologii Polskiej Akademii Nauk (IFiS PAN) zaprasza 5 lutego na mi\u0119dzynarodow\u0105 konferencj\u0119 \u201dPoland and its European context: Continuity and Change\u201d, po\u015bwi\u0119con\u0105 prezentacji wynik\u00f3w 9. edycji projektu \u201eEuropejski Sonda\u017c Spo\u0142eczny\u201d, kt\u00f3ra odb\u0119dzie si\u0119 w Warszawie. Jak informuj\u0105 organizatorzy, podczas konferencji przewidziane s\u0105 trzy sesje. B\u0119d\u0105 po\u015bwi\u0119cone zagadnieniom spo\u0142ecznego poczucia sprawiedliwo\u015bci, wyobra\u017ce\u0144 o najlepszym [&hellip;]<\/p>\n","protected":false},"author":6,"featured_media":0,"comment_status":"closed","ping_status":"closed","sticky":false,"template":"","format":"standard","meta":[],"categories":[22],"tags":[],"_links":{"self":[{"href":"https:\/\/www.polishscience.pl\/pl\/wp-json\/wp\/v2\/posts\/109412"}],"collection":[{"href":"https:\/\/www.polishscience.pl\/pl\/wp-json\/wp\/v2\/posts"}],"about":[{"href":"https:\/\/www.polishscience.pl\/pl\/wp-json\/wp\/v2\/types\/post"}],"author":[{"embeddable":true,"href":"https:\/\/www.polishscience.pl\/pl\/wp-json\/wp\/v2\/users\/6"}],"replies":[{"embeddable":true,"href":"https:\/\/www.polishscience.pl\/pl\/wp-json\/wp\/v2\/comments?post=109412"}],"version-history":[{"count":0,"href":"https:\/\/www.polishscience.pl\/pl\/wp-json\/wp\/v2\/posts\/109412\/revisions"}],"wp:attachment":[{"href":"https:\/\/www.polishscience.pl\/pl\/wp-json\/wp\/v2\/media?parent=109412"}],"wp:term":[{"taxonomy":"category","embeddable":true,"href":"https:\/\/www.polishscience.pl\/pl\/wp-json\/wp\/v2\/categories?post=109412"},{"taxonomy":"post_tag","embeddable":true,"href":"https:\/\/www.polishscience.pl\/pl\/wp-json\/wp\/v2\/tags?post=109412"}],"curies":[{"name":"wp","href":"https:\/\/api.w.org\/{rel}","templated":true}]}}