{"id":109171,"date":"2020-01-03T10:57:58","date_gmt":"2020-01-03T09:57:58","guid":{"rendered":"http:\/\/polishscience.pl\/?p=109171"},"modified":"2020-01-03T10:57:58","modified_gmt":"2020-01-03T09:57:58","slug":"polska-akademia-nauk-zorganizuje-forum-dla-praworzadnosci","status":"publish","type":"post","link":"https:\/\/www.polishscience.pl\/pl\/polska-akademia-nauk-zorganizuje-forum-dla-praworzadnosci\/","title":{"rendered":"Polska Akademia Nauk zorganizuje \u201eForum dla Praworz\u0105dno\u015bci\u201d"},"content":{"rendered":"<p><strong>W dniu 23 stycznia 2020 roku w warszawskim Pa\u0142acu Staszica odb\u0119dzie si\u0119 \u201eForum dla Praworz\u0105dno\u015bci\u201d, kt\u00f3re zamierza zorganizowa\u0107 Polska Akademia Nauk (PAN) przy wsp\u00f3\u0142pracy z Polsk\u0105 Akademi\u0105 Umiej\u0119tno\u015bci.<\/strong><\/p>\n<p>Informacj\u0119 o tym przekaza\u0142 prezes PAN, profesor Jerzy Duszy\u0144ski, w li\u015bcie z 31 grudnia 2019 roku skierowanym do w\u0142adz Naczelnej Rady Adwokackiej (NRA), Stowarzyszenia S\u0119dzi\u00f3w Polskich \u201eIUSTITIA\u201d oraz Krajowej Rady Radc\u00f3w Prawnych.<\/p>\n<p>Wymienione organizacje zwr\u00f3ci\u0142y si\u0119 o patronat do prezesa PAN nad wydarzeniem pod nazw\u0105 \u201eOkr\u0105g\u0142y St\u00f3\u0142 dla Praworz\u0105dno\u015bci\u201d. Prof. Duszy\u0144ski odmawiaj\u0105c udzielenia patronatu poinformowa\u0142, \u017ce PAN planuje w\u0142asne wydarzenie po\u015bwi\u0119cone kwestii Krajowej Rady S\u0105downictwa, na kt\u00f3re, poza przedstawicielami Prezydenta, marsza\u0142k\u00f3w Sejmu i Senatu, zaprosi r\u00f3wnie\u017c przedstawicieli NRA, \u201eIUSTITII\u201d oraz Krajowej Rady Radc\u00f3w Prawnych, a tak\u017ce dziekan\u00f3w wydzia\u0142\u00f3w prawa wybranych uniwersytet\u00f3w.<\/p>\n<p>jp<\/p>\n","protected":false},"excerpt":{"rendered":"<p>W dniu 23 stycznia 2020 roku w warszawskim Pa\u0142acu Staszica odb\u0119dzie si\u0119 \u201eForum dla Praworz\u0105dno\u015bci\u201d, kt\u00f3re zamierza zorganizowa\u0107 Polska Akademia Nauk (PAN) przy wsp\u00f3\u0142pracy z Polsk\u0105 Akademi\u0105 Umiej\u0119tno\u015bci. Informacj\u0119 o tym przekaza\u0142 prezes PAN, profesor Jerzy Duszy\u0144ski, w li\u015bcie z 31 grudnia 2019 roku skierowanym do w\u0142adz Naczelnej Rady Adwokackiej (NRA), Stowarzyszenia S\u0119dzi\u00f3w Polskich \u201eIUSTITIA\u201d [&hellip;]<\/p>\n","protected":false},"author":6,"featured_media":0,"comment_status":"closed","ping_status":"closed","sticky":false,"template":"","format":"standard","meta":[],"categories":[22],"tags":[],"_links":{"self":[{"href":"https:\/\/www.polishscience.pl\/pl\/wp-json\/wp\/v2\/posts\/109171"}],"collection":[{"href":"https:\/\/www.polishscience.pl\/pl\/wp-json\/wp\/v2\/posts"}],"about":[{"href":"https:\/\/www.polishscience.pl\/pl\/wp-json\/wp\/v2\/types\/post"}],"author":[{"embeddable":true,"href":"https:\/\/www.polishscience.pl\/pl\/wp-json\/wp\/v2\/users\/6"}],"replies":[{"embeddable":true,"href":"https:\/\/www.polishscience.pl\/pl\/wp-json\/wp\/v2\/comments?post=109171"}],"version-history":[{"count":0,"href":"https:\/\/www.polishscience.pl\/pl\/wp-json\/wp\/v2\/posts\/109171\/revisions"}],"wp:attachment":[{"href":"https:\/\/www.polishscience.pl\/pl\/wp-json\/wp\/v2\/media?parent=109171"}],"wp:term":[{"taxonomy":"category","embeddable":true,"href":"https:\/\/www.polishscience.pl\/pl\/wp-json\/wp\/v2\/categories?post=109171"},{"taxonomy":"post_tag","embeddable":true,"href":"https:\/\/www.polishscience.pl\/pl\/wp-json\/wp\/v2\/tags?post=109171"}],"curies":[{"name":"wp","href":"https:\/\/api.w.org\/{rel}","templated":true}]}}