{"id":109001,"date":"2020-01-02T09:56:51","date_gmt":"2020-01-02T08:56:51","guid":{"rendered":"http:\/\/polishscience.pl\/?p=109001"},"modified":"2020-01-02T09:56:51","modified_gmt":"2020-01-02T08:56:51","slug":"w-rzeszowie-seminarium-naukowe-kobiecosc-w-niepelnosprawnosci","status":"publish","type":"post","link":"https:\/\/www.polishscience.pl\/pl\/w-rzeszowie-seminarium-naukowe-kobiecosc-w-niepelnosprawnosci\/","title":{"rendered":"W Rzeszowie seminarium naukowe \u201eKobieco\u015b\u0107 w niepe\u0142nosprawno\u015bci\u201d"},"content":{"rendered":"<p><strong>Instytut Pedagogiki Uniwersytetu Rzeszowskiego oraz Wydzia\u0142 Pedagogiczny Uniwersytetu Warszawskiego organizuj\u0105 w dniu 25 stycznia 2020 roku w Rzeszowie seminarium naukowe studi\u00f3w nad niepe\u0142nosprawno\u015bci\u0105 \u201eKobieco\u015b\u0107 w niepe\u0142nosprawno\u015bci\u201d.<\/strong><\/p>\n<p>Spo\u0142eczne i\u00a0kulturowe nast\u0119pstwa zmian zachodz\u0105cych w\u00a0\u015bwiecie s\u0105 od lat powszechnie dostrzegane przez \u015brodowisko naukowe. Szczeg\u00f3lnie istotne wydaje si\u0119 obecnie przeformu\u0142owanie utrwalonej koncepcji niepe\u0142nosprawno\u015bci, traktuj\u0105cej j\u0105 jako osobist\u0105 tragedi\u0119. Nowy paradygmat niepe\u0142nosprawno\u015bci akcentuje spo\u0142eczny wymiar i\u00a0podkre\u015bla prawa os\u00f3b z\u00a0niepe\u0142nosprawno\u015bci\u0105 do wolno\u015bci i\u00a0r\u00f3\u017cnorodno\u015bci. Wci\u0105\u017c przestrzeni\u0105 wymagaj\u0105c\u0105 uwagi pozostaje kwestia kobieco\u015bci, m\u0119sko\u015bci, atrakcyjno\u015bci, relacji i\u00a0mi\u0142o\u015bci os\u00f3b z\u00a0niepe\u0142nosprawno\u015bci\u0105 \u2013 czytamy w komunikacie organizator\u00f3w seminarium.<\/p>\n<p>W program wydarzenia wpisana jest wystawa fotografii Tamary Pie\u0144ko z\u00a0cyklu \u201eWdzi\u0119czno\u015b\u0107\u201d b\u0119d\u0105ca cz\u0119\u015bci\u0105 projektu pod tym samym tytu\u0142em zrealizowanego z\u00a0dr Alicj\u0105 D\u0142ugo\u0142\u0119ck\u0105.\u00a0 Ide\u0105 projektu \u201eWdzi\u0119czno\u015b\u0107\u201d jest ukazanie kobiety i\u00a0jej cielesno\u015bci oraz emocji. Cz\u0119\u015b\u0107 naukow\u0105 stanowi\u0107 b\u0119dzie panel dyskusyjny z\u00a0udzia\u0142em przedstawicieli \u015brodowiska nauki i\u00a0kultury.<\/p>\n<p>jp<\/p>\n","protected":false},"excerpt":{"rendered":"<p>Instytut Pedagogiki Uniwersytetu Rzeszowskiego oraz Wydzia\u0142 Pedagogiczny Uniwersytetu Warszawskiego organizuj\u0105 w dniu 25 stycznia 2020 roku w Rzeszowie seminarium naukowe studi\u00f3w nad niepe\u0142nosprawno\u015bci\u0105 \u201eKobieco\u015b\u0107 w niepe\u0142nosprawno\u015bci\u201d. Spo\u0142eczne i\u00a0kulturowe nast\u0119pstwa zmian zachodz\u0105cych w\u00a0\u015bwiecie s\u0105 od lat powszechnie dostrzegane przez \u015brodowisko naukowe. Szczeg\u00f3lnie istotne wydaje si\u0119 obecnie przeformu\u0142owanie utrwalonej koncepcji niepe\u0142nosprawno\u015bci, traktuj\u0105cej j\u0105 jako osobist\u0105 tragedi\u0119. Nowy [&hellip;]<\/p>\n","protected":false},"author":6,"featured_media":0,"comment_status":"closed","ping_status":"closed","sticky":false,"template":"","format":"standard","meta":[],"categories":[22],"tags":[],"_links":{"self":[{"href":"https:\/\/www.polishscience.pl\/pl\/wp-json\/wp\/v2\/posts\/109001"}],"collection":[{"href":"https:\/\/www.polishscience.pl\/pl\/wp-json\/wp\/v2\/posts"}],"about":[{"href":"https:\/\/www.polishscience.pl\/pl\/wp-json\/wp\/v2\/types\/post"}],"author":[{"embeddable":true,"href":"https:\/\/www.polishscience.pl\/pl\/wp-json\/wp\/v2\/users\/6"}],"replies":[{"embeddable":true,"href":"https:\/\/www.polishscience.pl\/pl\/wp-json\/wp\/v2\/comments?post=109001"}],"version-history":[{"count":0,"href":"https:\/\/www.polishscience.pl\/pl\/wp-json\/wp\/v2\/posts\/109001\/revisions"}],"wp:attachment":[{"href":"https:\/\/www.polishscience.pl\/pl\/wp-json\/wp\/v2\/media?parent=109001"}],"wp:term":[{"taxonomy":"category","embeddable":true,"href":"https:\/\/www.polishscience.pl\/pl\/wp-json\/wp\/v2\/categories?post=109001"},{"taxonomy":"post_tag","embeddable":true,"href":"https:\/\/www.polishscience.pl\/pl\/wp-json\/wp\/v2\/tags?post=109001"}],"curies":[{"name":"wp","href":"https:\/\/api.w.org\/{rel}","templated":true}]}}