{"id":108238,"date":"2019-12-24T13:00:56","date_gmt":"2019-12-24T12:00:56","guid":{"rendered":"http:\/\/polishscience.pl\/?p=108238"},"modified":"2019-12-24T13:26:43","modified_gmt":"2019-12-24T12:26:43","slug":"polskie-nagrody-inteligentnego-rozwoju-dla-pracownikow-politechniki-slaskiej","status":"publish","type":"post","link":"https:\/\/www.polishscience.pl\/pl\/polskie-nagrody-inteligentnego-rozwoju-dla-pracownikow-politechniki-slaskiej\/","title":{"rendered":"Polskie Nagrody Inteligentnego Rozwoju dla pracownik\u00f3w Politechniki \u015al\u0105skiej"},"content":{"rendered":"<p><strong>Prof. Tomasz Ta\u0144ski &#8211; kierownik Katedry Materia\u0142\u00f3w In\u017cynierskich i Biomedycznych na wydziale mechanicznym technologicznym oraz prof. Przemys\u0142aw Data z Katedry Fizykochemii i Technologii Polimer\u00f3w na wydziale chemicznym Politechniki \u015al\u0105skiej otrzymali Polsk\u0105 Nagrod\u0119 Inteligentnego Rozwoju w kategorii Naukowiec Przysz\u0142o\u015bci.\u00a0\u00a0<\/strong><\/p>\n<p>Wyr\u00f3\u017cnienia wr\u0119czono podczas 4. Forum Inteligentnego Rozwoju w Uniejowie &#8211; wydarzenia gospodarczego po\u015bwi\u0119conego nowym technologiom, innowacjom, wynalazkom i nowatorskim inwestycjom zmieniaj\u0105cym kraj. Podczas Forum odby\u0142y si\u0119 panele dyskusyjne i wyk\u0142ady oraz prezentacje dotycz\u0105ce m.in. najnowszych technologii, automatyzacji i sztucznej inteligencji.<\/p>\n<p>G\u0142\u00f3wnym organizatorem i inicjatorem Forum Inteligentnego Rozwoju by\u0142o Centrum Inteligentnego Rozwoju. W\u015br\u00f3d patron\u00f3w honorowych znale\u017ali si\u0119 m.in. Ministerstwo Nauki i Szkolnictwa Wy\u017cszego, Ministerstwo Zdrowia, Ministerstwo Energii, Ministerstwo Cyfryzacji, Narodowe Centrum Bada\u0144 i Rozwoju oraz Urz\u0105d Patentowy.<\/p>\n<p>&nbsp;<\/p>\n<p>jsz<\/p>\n","protected":false},"excerpt":{"rendered":"<p>Prof. Tomasz Ta\u0144ski &#8211; kierownik Katedry Materia\u0142\u00f3w In\u017cynierskich i Biomedycznych na wydziale mechanicznym technologicznym oraz prof. Przemys\u0142aw Data z Katedry Fizykochemii i Technologii Polimer\u00f3w na wydziale chemicznym Politechniki \u015al\u0105skiej otrzymali Polsk\u0105 Nagrod\u0119 Inteligentnego Rozwoju w kategorii Naukowiec Przysz\u0142o\u015bci.\u00a0\u00a0 Wyr\u00f3\u017cnienia wr\u0119czono podczas 4. Forum Inteligentnego Rozwoju w Uniejowie &#8211; wydarzenia gospodarczego po\u015bwi\u0119conego nowym technologiom, innowacjom, wynalazkom [&hellip;]<\/p>\n","protected":false},"author":6,"featured_media":0,"comment_status":"closed","ping_status":"closed","sticky":false,"template":"","format":"standard","meta":[],"categories":[15],"tags":[],"_links":{"self":[{"href":"https:\/\/www.polishscience.pl\/pl\/wp-json\/wp\/v2\/posts\/108238"}],"collection":[{"href":"https:\/\/www.polishscience.pl\/pl\/wp-json\/wp\/v2\/posts"}],"about":[{"href":"https:\/\/www.polishscience.pl\/pl\/wp-json\/wp\/v2\/types\/post"}],"author":[{"embeddable":true,"href":"https:\/\/www.polishscience.pl\/pl\/wp-json\/wp\/v2\/users\/6"}],"replies":[{"embeddable":true,"href":"https:\/\/www.polishscience.pl\/pl\/wp-json\/wp\/v2\/comments?post=108238"}],"version-history":[{"count":0,"href":"https:\/\/www.polishscience.pl\/pl\/wp-json\/wp\/v2\/posts\/108238\/revisions"}],"wp:attachment":[{"href":"https:\/\/www.polishscience.pl\/pl\/wp-json\/wp\/v2\/media?parent=108238"}],"wp:term":[{"taxonomy":"category","embeddable":true,"href":"https:\/\/www.polishscience.pl\/pl\/wp-json\/wp\/v2\/categories?post=108238"},{"taxonomy":"post_tag","embeddable":true,"href":"https:\/\/www.polishscience.pl\/pl\/wp-json\/wp\/v2\/tags?post=108238"}],"curies":[{"name":"wp","href":"https:\/\/api.w.org\/{rel}","templated":true}]}}