{"id":107593,"date":"2019-12-19T13:12:35","date_gmt":"2019-12-19T12:12:35","guid":{"rendered":"http:\/\/polishscience.pl\/?p=107593"},"modified":"2019-12-19T15:02:12","modified_gmt":"2019-12-19T14:02:12","slug":"doktorant-uniwersytetu-medycznego-we-wroclawiu-z-laurem-medycznym-im-mayzla","status":"publish","type":"post","link":"https:\/\/www.polishscience.pl\/pl\/doktorant-uniwersytetu-medycznego-we-wroclawiu-z-laurem-medycznym-im-mayzla\/","title":{"rendered":"Doktorant Uniwersytetu Medycznego we Wroc\u0142awiu z Laurem Medycznym im. Mayzla"},"content":{"rendered":"<p><strong>Stanis\u0142aw Supplitt &#8211; doktorant Uniwersytetu Medycznego we Wroc\u0142awiu &#8211; otrzyma\u0142 Laur Medyczny im. Doktora Wac\u0142awa Mayzla, przyznawany przez Polsk\u0105 Akademi\u0119 Nauk za wyr\u00f3\u017cniaj\u0105c\u0105 si\u0119 prac\u0119 naukow\u0105 wykonywan\u0105 podczas studi\u00f3w.\u00a0<\/strong><\/p>\n<p>Doktorant &#8211; obecnie zwi\u0105zany z Katedr\u0105 i Zak\u0142adem Genetyki &#8211; formalnie otrzyma\u0142 wyr\u00f3\u017cnienie jako student VI roku wydzia\u0142u lekarskiego wroc\u0142awskiej uczelni za cykl prac \u201ePhotodynamic Therapy as an innovative approach for the treatment of cancer and skin disorders&#8221;. Doktorant wroc\u0142awskiej uczelni jest jednym z sze\u015bciu tegorocznych zdobywc\u00f3w lauru.<\/p>\n<p>Stanis\u0142aw Supplitt jest r\u00f3wnie\u017c tegorocznym laureatem plebiscytu M\u0142ode Talenty w kategorii naukowej. Nagrod\u0119 otrzyma\u0142 wsp\u00f3lnie ze studentem medycyny Uniwersytetu Medycznego we Wroc\u0142awiu, Krzysztofem Kotowskim, za badania nad rakiem sk\u00f3ry \u2013 czytamy w serwisie uczelni.<\/p>\n<p>&nbsp;<\/p>\n<p>jsz<\/p>\n","protected":false},"excerpt":{"rendered":"<p>Stanis\u0142aw Supplitt &#8211; doktorant Uniwersytetu Medycznego we Wroc\u0142awiu &#8211; otrzyma\u0142 Laur Medyczny im. Doktora Wac\u0142awa Mayzla, przyznawany przez Polsk\u0105 Akademi\u0119 Nauk za wyr\u00f3\u017cniaj\u0105c\u0105 si\u0119 prac\u0119 naukow\u0105 wykonywan\u0105 podczas studi\u00f3w.\u00a0 Doktorant &#8211; obecnie zwi\u0105zany z Katedr\u0105 i Zak\u0142adem Genetyki &#8211; formalnie otrzyma\u0142 wyr\u00f3\u017cnienie jako student VI roku wydzia\u0142u lekarskiego wroc\u0142awskiej uczelni za cykl prac \u201ePhotodynamic Therapy [&hellip;]<\/p>\n","protected":false},"author":6,"featured_media":0,"comment_status":"closed","ping_status":"closed","sticky":false,"template":"","format":"standard","meta":[],"categories":[18],"tags":[],"_links":{"self":[{"href":"https:\/\/www.polishscience.pl\/pl\/wp-json\/wp\/v2\/posts\/107593"}],"collection":[{"href":"https:\/\/www.polishscience.pl\/pl\/wp-json\/wp\/v2\/posts"}],"about":[{"href":"https:\/\/www.polishscience.pl\/pl\/wp-json\/wp\/v2\/types\/post"}],"author":[{"embeddable":true,"href":"https:\/\/www.polishscience.pl\/pl\/wp-json\/wp\/v2\/users\/6"}],"replies":[{"embeddable":true,"href":"https:\/\/www.polishscience.pl\/pl\/wp-json\/wp\/v2\/comments?post=107593"}],"version-history":[{"count":0,"href":"https:\/\/www.polishscience.pl\/pl\/wp-json\/wp\/v2\/posts\/107593\/revisions"}],"wp:attachment":[{"href":"https:\/\/www.polishscience.pl\/pl\/wp-json\/wp\/v2\/media?parent=107593"}],"wp:term":[{"taxonomy":"category","embeddable":true,"href":"https:\/\/www.polishscience.pl\/pl\/wp-json\/wp\/v2\/categories?post=107593"},{"taxonomy":"post_tag","embeddable":true,"href":"https:\/\/www.polishscience.pl\/pl\/wp-json\/wp\/v2\/tags?post=107593"}],"curies":[{"name":"wp","href":"https:\/\/api.w.org\/{rel}","templated":true}]}}