{"id":107580,"date":"2019-12-19T10:06:24","date_gmt":"2019-12-19T09:06:24","guid":{"rendered":"http:\/\/polishscience.pl\/?p=107580"},"modified":"2019-12-19T10:06:24","modified_gmt":"2019-12-19T09:06:24","slug":"jeden-z-najwybitniejszych-polskich-himalaistow-gosciem-uniwersytetu-marii-curie-sklodowskiej","status":"publish","type":"post","link":"https:\/\/www.polishscience.pl\/pl\/jeden-z-najwybitniejszych-polskich-himalaistow-gosciem-uniwersytetu-marii-curie-sklodowskiej\/","title":{"rendered":"Jeden z najwybitniejszych polskich himalaist\u00f3w go\u015bciem Uniwersytetu Marii Curie Sk\u0142odowskiej"},"content":{"rendered":"<p><strong>Polskie Towarzystwo Geograficzne Oddzia\u0142 Lubelski, Wydzia\u0142 Nauk o Ziemi i Gospodarki Przestrzennej Uniwersytetu Marii Curie Sk\u0142odowskiej (UMCS) w Lublinie oraz Klub Wysokog\u00f3rski Lublin zapraszaj\u0105 na spotkanie z Leszkiem Cichym &#8211; taternikiem, alpinist\u0105 i himalaist\u0105.\u00a0<\/strong><\/p>\n<p>Leszek Cichy wspina si\u0119 nieprzerwanie od 1969 roku. 17 lutego 1980 roku, wraz z Krzysztofem Wielickim, jako pierwszy zdoby\u0142 Mount Everest zim\u0105. Cichy by\u0142 te\u017c\u00a0 uczestnikiem pierwszej zimowej wyprawy na K2, oraz pierwszym Polakiem, kt\u00f3ry zdoby\u0142 Koron\u0119 Ziemi.<\/p>\n<p>Spotkanie jest zwi\u0105zane ze zbli\u017caj\u0105c\u0105 si\u0119 40. rocznic\u0105 pierwszego w historii zimowego wej\u015bcia na Mount Everest. Podczas wydarzenia odb\u0119dzie si\u0119 promocja ostatniej ksi\u0105\u017cki Leszka Cichego, Marka Kami\u0144skiego i Julii Hamerii pt. \u201eTrzy bieguny. Dotkn\u0105\u0107 niemo\u017cliwego\u201d.<\/p>\n<p>Wydarzenie odb\u0119dzie si\u0119 19 grudnia 2019 roku o godz. 17.15 w Auli Wydzia\u0142u Nauk o Ziemi i Gospodarki Przestrzennej UMCS.<\/p>\n<p>&nbsp;<\/p>\n<p>jp<\/p>\n","protected":false},"excerpt":{"rendered":"<p>Polskie Towarzystwo Geograficzne Oddzia\u0142 Lubelski, Wydzia\u0142 Nauk o Ziemi i Gospodarki Przestrzennej Uniwersytetu Marii Curie Sk\u0142odowskiej (UMCS) w Lublinie oraz Klub Wysokog\u00f3rski Lublin zapraszaj\u0105 na spotkanie z Leszkiem Cichym &#8211; taternikiem, alpinist\u0105 i himalaist\u0105.\u00a0 Leszek Cichy wspina si\u0119 nieprzerwanie od 1969 roku. 17 lutego 1980 roku, wraz z Krzysztofem Wielickim, jako pierwszy zdoby\u0142 Mount Everest [&hellip;]<\/p>\n","protected":false},"author":6,"featured_media":0,"comment_status":"closed","ping_status":"closed","sticky":false,"template":"","format":"standard","meta":[],"categories":[22],"tags":[],"_links":{"self":[{"href":"https:\/\/www.polishscience.pl\/pl\/wp-json\/wp\/v2\/posts\/107580"}],"collection":[{"href":"https:\/\/www.polishscience.pl\/pl\/wp-json\/wp\/v2\/posts"}],"about":[{"href":"https:\/\/www.polishscience.pl\/pl\/wp-json\/wp\/v2\/types\/post"}],"author":[{"embeddable":true,"href":"https:\/\/www.polishscience.pl\/pl\/wp-json\/wp\/v2\/users\/6"}],"replies":[{"embeddable":true,"href":"https:\/\/www.polishscience.pl\/pl\/wp-json\/wp\/v2\/comments?post=107580"}],"version-history":[{"count":0,"href":"https:\/\/www.polishscience.pl\/pl\/wp-json\/wp\/v2\/posts\/107580\/revisions"}],"wp:attachment":[{"href":"https:\/\/www.polishscience.pl\/pl\/wp-json\/wp\/v2\/media?parent=107580"}],"wp:term":[{"taxonomy":"category","embeddable":true,"href":"https:\/\/www.polishscience.pl\/pl\/wp-json\/wp\/v2\/categories?post=107580"},{"taxonomy":"post_tag","embeddable":true,"href":"https:\/\/www.polishscience.pl\/pl\/wp-json\/wp\/v2\/tags?post=107580"}],"curies":[{"name":"wp","href":"https:\/\/api.w.org\/{rel}","templated":true}]}}