{"id":107363,"date":"2019-12-18T10:05:10","date_gmt":"2019-12-18T09:05:10","guid":{"rendered":"http:\/\/polishscience.pl\/?p=107363"},"modified":"2019-12-18T10:05:10","modified_gmt":"2019-12-18T09:05:10","slug":"wicepremier-gowin-walka-ze-smogiem-ponad-podzialami-politycznymi","status":"publish","type":"post","link":"https:\/\/www.polishscience.pl\/pl\/wicepremier-gowin-walka-ze-smogiem-ponad-podzialami-politycznymi\/","title":{"rendered":"Wicepremier Gowin: Walka ze smogiem ponad podzia\u0142ami politycznymi"},"content":{"rendered":"<p><strong>Najwy\u017csza pora, \u017ceby\u015bmy zacz\u0119li konsekwentnie, ponad podzia\u0142ami resortowymi i partyjnymi walczy\u0107 z czym\u015b, co niszczy zdrowie Polak\u00f3w, co niesie \u015bmier\u0107 kilkudziesi\u0119ciu tysi\u0105com osobom rocznie i jest \u017ar\u00f3d\u0142em wielu strat finansowych \u2013 powiedzia\u0142 wicepremier i szef resortu nauki Jaros\u0142aw Gowin po spotkaniu, kt\u00f3re by\u0142o po\u015bwi\u0119cone walce ze smogiem w aglomeracji krakowskiej.<\/strong><\/p>\n<p>Przedstawiciele rz\u0105du, samorz\u0105du i Narodowego Funduszu Ochrony \u015arodowiska i Gospodarki Wodnej debatowali na temat kompleksowych dzia\u0142a\u0144 walki ze smogiem w Ma\u0142opolsce.<\/p>\n<p>Poszczeg\u00f3lne ministerstwa i agencje oferuj\u0105 rozmaite programy antysmogowe. W\u015br\u00f3d g\u0142\u00f3wnych osi\u0105gni\u0119\u0107 polskiego rz\u0105du w zakresie ograniczania niskiej emisji minister rozwoju Jadwiga Emilewicz wymieni\u0142a rozporz\u0105dzenie dotycz\u0105ce jako\u015bci kot\u0142\u00f3w grzewczych, ustaw\u0119 i rozporz\u0105dzenie dotycz\u0105ce jako\u015bci paliw sta\u0142ych oraz tzw. ustaw\u0119 termomodernizacyjn\u0105, kt\u00f3ra pozwoli na start pilota\u017cu termomodernizacyjnego w najbardziej zanieczyszczonych smogiem miastach.<\/p>\n<p>jp<\/p>\n","protected":false},"excerpt":{"rendered":"<p>Najwy\u017csza pora, \u017ceby\u015bmy zacz\u0119li konsekwentnie, ponad podzia\u0142ami resortowymi i partyjnymi walczy\u0107 z czym\u015b, co niszczy zdrowie Polak\u00f3w, co niesie \u015bmier\u0107 kilkudziesi\u0119ciu tysi\u0105com osobom rocznie i jest \u017ar\u00f3d\u0142em wielu strat finansowych \u2013 powiedzia\u0142 wicepremier i szef resortu nauki Jaros\u0142aw Gowin po spotkaniu, kt\u00f3re by\u0142o po\u015bwi\u0119cone walce ze smogiem w aglomeracji krakowskiej. Przedstawiciele rz\u0105du, samorz\u0105du i Narodowego [&hellip;]<\/p>\n","protected":false},"author":6,"featured_media":0,"comment_status":"closed","ping_status":"closed","sticky":false,"template":"","format":"standard","meta":[],"categories":[22],"tags":[],"_links":{"self":[{"href":"https:\/\/www.polishscience.pl\/pl\/wp-json\/wp\/v2\/posts\/107363"}],"collection":[{"href":"https:\/\/www.polishscience.pl\/pl\/wp-json\/wp\/v2\/posts"}],"about":[{"href":"https:\/\/www.polishscience.pl\/pl\/wp-json\/wp\/v2\/types\/post"}],"author":[{"embeddable":true,"href":"https:\/\/www.polishscience.pl\/pl\/wp-json\/wp\/v2\/users\/6"}],"replies":[{"embeddable":true,"href":"https:\/\/www.polishscience.pl\/pl\/wp-json\/wp\/v2\/comments?post=107363"}],"version-history":[{"count":0,"href":"https:\/\/www.polishscience.pl\/pl\/wp-json\/wp\/v2\/posts\/107363\/revisions"}],"wp:attachment":[{"href":"https:\/\/www.polishscience.pl\/pl\/wp-json\/wp\/v2\/media?parent=107363"}],"wp:term":[{"taxonomy":"category","embeddable":true,"href":"https:\/\/www.polishscience.pl\/pl\/wp-json\/wp\/v2\/categories?post=107363"},{"taxonomy":"post_tag","embeddable":true,"href":"https:\/\/www.polishscience.pl\/pl\/wp-json\/wp\/v2\/tags?post=107363"}],"curies":[{"name":"wp","href":"https:\/\/api.w.org\/{rel}","templated":true}]}}