{"id":107116,"date":"2019-12-17T09:53:36","date_gmt":"2019-12-17T08:53:36","guid":{"rendered":"http:\/\/polishscience.pl\/?p=107116"},"modified":"2019-12-17T09:53:36","modified_gmt":"2019-12-17T08:53:36","slug":"umowa-resortu-nauki-z-instytutem-nauk-o-czlowieku-w-wiedniu","status":"publish","type":"post","link":"https:\/\/www.polishscience.pl\/pl\/umowa-resortu-nauki-z-instytutem-nauk-o-czlowieku-w-wiedniu\/","title":{"rendered":"Umowa resortu nauki z Instytutem Nauk o Cz\u0142owieku w Wiedniu"},"content":{"rendered":"<p><strong>Wojciech Maksymowicz, wiceminister nauki i szkolnictwa wy\u017cszego podpisa\u0142 umow\u0119 o wsp\u00f3\u0142pracy z rektorem Instytutu Nauk o Cz\u0142owieku w Wiedniu prof. Shalini Randeri\u0105. Na jej podstawie Ministerstwo Nauki i Szkolnictwa Wy\u017cszego przeka\u017ce w latach 2020-2022 \u015brodki na programy stypendialne dla polskich naukowc\u00f3w i warsztaty mentorskie dla ubiegaj\u0105cych si\u0119 o granty European Research Council.<\/strong><\/p>\n<p>Jak podkre\u015bla wiceminister Maksymowicz, intencj\u0105 resortu nauki jest popularyzacja projekt\u00f3w wiede\u0144skiego Instytutu Nauk o Cz\u0142owieku w Polsce.<\/p>\n<p>Dlatego te\u017c zdecydowali\u015bmy si\u0119 zwi\u0119kszy\u0107 sw\u00f3j udzia\u0142 finansowy w tym przedsi\u0119wzi\u0119ciu z my\u015bl\u0105 o m\u0142odych i ambitnych polskich naukowcach. Nad Wis\u0142\u0105 pr\u0119\u017cnie dzia\u0142a wiele jednostek naukowych, badawczych (zw\u0142aszcza niedawno powsta\u0142a Sie\u0107 Badawcza \u0141ukasiewicz), przedsi\u0119biorstw z potencja\u0142em B+R. Jestem pewny, \u017ce maj\u0105 wiele do zaoferowania instytutowi \u2013 powiedzia\u0142 podczas spotkania z prof. Shalini Randeri\u0105 wiceminister Maksymowicz.<\/p>\n<p>Instytut Nauk o Cz\u0142owieku (IWM) jest austriack\u0105 niezale\u017cn\u0105 jednostk\u0105 naukow\u0105 w dziedzinie nauk humanistycznych i spo\u0142ecznych.<\/p>\n<p>jp<\/p>\n","protected":false},"excerpt":{"rendered":"<p>Wojciech Maksymowicz, wiceminister nauki i szkolnictwa wy\u017cszego podpisa\u0142 umow\u0119 o wsp\u00f3\u0142pracy z rektorem Instytutu Nauk o Cz\u0142owieku w Wiedniu prof. Shalini Randeri\u0105. Na jej podstawie Ministerstwo Nauki i Szkolnictwa Wy\u017cszego przeka\u017ce w latach 2020-2022 \u015brodki na programy stypendialne dla polskich naukowc\u00f3w i warsztaty mentorskie dla ubiegaj\u0105cych si\u0119 o granty European Research Council. Jak podkre\u015bla wiceminister [&hellip;]<\/p>\n","protected":false},"author":6,"featured_media":0,"comment_status":"closed","ping_status":"closed","sticky":false,"template":"","format":"standard","meta":[],"categories":[21],"tags":[],"_links":{"self":[{"href":"https:\/\/www.polishscience.pl\/pl\/wp-json\/wp\/v2\/posts\/107116"}],"collection":[{"href":"https:\/\/www.polishscience.pl\/pl\/wp-json\/wp\/v2\/posts"}],"about":[{"href":"https:\/\/www.polishscience.pl\/pl\/wp-json\/wp\/v2\/types\/post"}],"author":[{"embeddable":true,"href":"https:\/\/www.polishscience.pl\/pl\/wp-json\/wp\/v2\/users\/6"}],"replies":[{"embeddable":true,"href":"https:\/\/www.polishscience.pl\/pl\/wp-json\/wp\/v2\/comments?post=107116"}],"version-history":[{"count":0,"href":"https:\/\/www.polishscience.pl\/pl\/wp-json\/wp\/v2\/posts\/107116\/revisions"}],"wp:attachment":[{"href":"https:\/\/www.polishscience.pl\/pl\/wp-json\/wp\/v2\/media?parent=107116"}],"wp:term":[{"taxonomy":"category","embeddable":true,"href":"https:\/\/www.polishscience.pl\/pl\/wp-json\/wp\/v2\/categories?post=107116"},{"taxonomy":"post_tag","embeddable":true,"href":"https:\/\/www.polishscience.pl\/pl\/wp-json\/wp\/v2\/tags?post=107116"}],"curies":[{"name":"wp","href":"https:\/\/api.w.org\/{rel}","templated":true}]}}