{"id":106912,"date":"2019-12-16T11:06:17","date_gmt":"2019-12-16T10:06:17","guid":{"rendered":"http:\/\/polishscience.pl\/?p=106912"},"modified":"2019-12-16T13:01:08","modified_gmt":"2019-12-16T12:01:08","slug":"o-etyce-w-public-relations-na-uniwersytecie-kardynala-stefana-wyszynskiego","status":"publish","type":"post","link":"https:\/\/www.polishscience.pl\/pl\/o-etyce-w-public-relations-na-uniwersytecie-kardynala-stefana-wyszynskiego\/","title":{"rendered":"O etyce w public relations na Uniwersytecie Kardyna\u0142a Stefana Wyszy\u0144skiego"},"content":{"rendered":"<p><strong>Na Uniwersytecie Kardyna\u0142a Stefana Wyszy\u0144skiego (UKSW) w Warszawie w dniu 13 grudnia odby\u0142a si\u0119 pierwsza konferencja \u201eEtyka public relations\u201d. Badacze i eksperci bran\u017cy dyskutowali o etyce i standardach profesjonalnego PR.<\/strong><\/p>\n<p>Dyskusja koncentrowa\u0142a si\u0119 wok\u00f3\u0142 opracowanie \u201eStandard\u00f3w profesjonalnego public relations\u201d, w kt\u00f3rym om\u00f3wiono szczeg\u00f3\u0142owo m.in. kwestie zachowa\u0144 etycznych i znaczenia profesjonalizmu w bran\u017cy PR.<\/p>\n<p>Dodatkowo przygotowano s\u0142ownik poj\u0119\u0107 zwi\u0105zanych z public relations. \u201eStandardy\u201d zosta\u0142y opracowane przez Spo\u0142eczny Zesp\u00f3\u0142 Ekspert\u00f3w PR.<\/p>\n<p>Profesjonalizm i etyka s\u0105\u0328 ze sob\u0105\u0328 nierozerwalnie po\u0142\u0105czone, zw\u0142aszcza w dziedzinach, kt\u00f3re wp\u0142ywaj\u0105\u0328 na ludzkie decyzje, jak PR \u2013 pisz\u0105 cz\u0142onkowie zespo\u0142u ekspert\u00f3w. Chcemy przypomnie\u0107, \u017ce public relations ma godzi\u0107\u0301 interesy zleceniodawc\u00f3w, medi\u00f3w i grup spo\u0142ecze\u0144stwa, pozostawa\u0107 w zgodzie z normami etycznymi i odwo\u0142ywa\u0107 si\u0119\u0328 do warto\u015bci \u2013 dodaj\u0105.<\/p>\n<p>jp<\/p>\n","protected":false},"excerpt":{"rendered":"<p>Na Uniwersytecie Kardyna\u0142a Stefana Wyszy\u0144skiego (UKSW) w Warszawie w dniu 13 grudnia odby\u0142a si\u0119 pierwsza konferencja \u201eEtyka public relations\u201d. Badacze i eksperci bran\u017cy dyskutowali o etyce i standardach profesjonalnego PR. Dyskusja koncentrowa\u0142a si\u0119 wok\u00f3\u0142 opracowanie \u201eStandard\u00f3w profesjonalnego public relations\u201d, w kt\u00f3rym om\u00f3wiono szczeg\u00f3\u0142owo m.in. kwestie zachowa\u0144 etycznych i znaczenia profesjonalizmu w bran\u017cy PR. Dodatkowo przygotowano [&hellip;]<\/p>\n","protected":false},"author":6,"featured_media":0,"comment_status":"closed","ping_status":"closed","sticky":false,"template":"","format":"standard","meta":[],"categories":[22],"tags":[],"_links":{"self":[{"href":"https:\/\/www.polishscience.pl\/pl\/wp-json\/wp\/v2\/posts\/106912"}],"collection":[{"href":"https:\/\/www.polishscience.pl\/pl\/wp-json\/wp\/v2\/posts"}],"about":[{"href":"https:\/\/www.polishscience.pl\/pl\/wp-json\/wp\/v2\/types\/post"}],"author":[{"embeddable":true,"href":"https:\/\/www.polishscience.pl\/pl\/wp-json\/wp\/v2\/users\/6"}],"replies":[{"embeddable":true,"href":"https:\/\/www.polishscience.pl\/pl\/wp-json\/wp\/v2\/comments?post=106912"}],"version-history":[{"count":0,"href":"https:\/\/www.polishscience.pl\/pl\/wp-json\/wp\/v2\/posts\/106912\/revisions"}],"wp:attachment":[{"href":"https:\/\/www.polishscience.pl\/pl\/wp-json\/wp\/v2\/media?parent=106912"}],"wp:term":[{"taxonomy":"category","embeddable":true,"href":"https:\/\/www.polishscience.pl\/pl\/wp-json\/wp\/v2\/categories?post=106912"},{"taxonomy":"post_tag","embeddable":true,"href":"https:\/\/www.polishscience.pl\/pl\/wp-json\/wp\/v2\/tags?post=106912"}],"curies":[{"name":"wp","href":"https:\/\/api.w.org\/{rel}","templated":true}]}}