{"id":106910,"date":"2019-12-16T10:07:19","date_gmt":"2019-12-16T09:07:19","guid":{"rendered":"http:\/\/polishscience.pl\/?p=106910"},"modified":"2019-12-16T10:07:19","modified_gmt":"2019-12-16T09:07:19","slug":"w-bielsku-bialej-konferencja-nauka-innowacje-biznes","status":"publish","type":"post","link":"https:\/\/www.polishscience.pl\/pl\/w-bielsku-bialej-konferencja-nauka-innowacje-biznes\/","title":{"rendered":"W Bielsku-Bia\u0142ej konferencja \u201eNauka-Innowacje-Biznes\u201d"},"content":{"rendered":"<p><strong>Akademia Techniczno-Humanistyczna w Bielsku-Bia\u0142ej po raz czwarty organizuje konferencj\u0119 \u201eNauka-Innowacje-Biznes\u201d, kt\u00f3ra odb\u0119dzie si\u0119 w poniedzia\u0142ek 16 grudnia.<\/strong><\/p>\n<p>Jak podkre\u015blaj\u0105 organizatorzy wydarzenia, to wyj\u0105tkowa w skali kraju konferencja, bowiem \u201ejest z jednej strony miejscem wys\u0142uchania wyk\u0142ad\u00f3w specjalist\u00f3w, ale te\u017c stanowi miejsce wymiany pogl\u0105d\u00f3w i idei pomi\u0119dzy lud\u017ami nauki a \u015bwiatem biznesu\u201d.<\/p>\n<p>Jednym z cel\u00f3w konferencji jest inspirowanie lokalnych \u015brodowisk przedsi\u0119biorc\u00f3w i naukowc\u00f3w do my\u015blenia na temat rozwoju innowacyjno\u015bci i zwi\u0119kszania efektywno\u015bci wdra\u017cania nowych technologii.<\/p>\n<p>Jednym z g\u0142\u00f3wnych punkt\u00f3w obrad b\u0119d\u0105 wyst\u0105pienia po\u015bwi\u0119cone dzia\u0142aniom sieci badawczych i finansowaniu bada\u0144 na skal\u0119 mi\u0119dzynarodow\u0105.<\/p>\n<p>jp<\/p>\n","protected":false},"excerpt":{"rendered":"<p>Akademia Techniczno-Humanistyczna w Bielsku-Bia\u0142ej po raz czwarty organizuje konferencj\u0119 \u201eNauka-Innowacje-Biznes\u201d, kt\u00f3ra odb\u0119dzie si\u0119 w poniedzia\u0142ek 16 grudnia. Jak podkre\u015blaj\u0105 organizatorzy wydarzenia, to wyj\u0105tkowa w skali kraju konferencja, bowiem \u201ejest z jednej strony miejscem wys\u0142uchania wyk\u0142ad\u00f3w specjalist\u00f3w, ale te\u017c stanowi miejsce wymiany pogl\u0105d\u00f3w i idei pomi\u0119dzy lud\u017ami nauki a \u015bwiatem biznesu\u201d. Jednym z cel\u00f3w konferencji jest [&hellip;]<\/p>\n","protected":false},"author":6,"featured_media":0,"comment_status":"closed","ping_status":"closed","sticky":false,"template":"","format":"standard","meta":[],"categories":[16,22],"tags":[],"_links":{"self":[{"href":"https:\/\/www.polishscience.pl\/pl\/wp-json\/wp\/v2\/posts\/106910"}],"collection":[{"href":"https:\/\/www.polishscience.pl\/pl\/wp-json\/wp\/v2\/posts"}],"about":[{"href":"https:\/\/www.polishscience.pl\/pl\/wp-json\/wp\/v2\/types\/post"}],"author":[{"embeddable":true,"href":"https:\/\/www.polishscience.pl\/pl\/wp-json\/wp\/v2\/users\/6"}],"replies":[{"embeddable":true,"href":"https:\/\/www.polishscience.pl\/pl\/wp-json\/wp\/v2\/comments?post=106910"}],"version-history":[{"count":0,"href":"https:\/\/www.polishscience.pl\/pl\/wp-json\/wp\/v2\/posts\/106910\/revisions"}],"wp:attachment":[{"href":"https:\/\/www.polishscience.pl\/pl\/wp-json\/wp\/v2\/media?parent=106910"}],"wp:term":[{"taxonomy":"category","embeddable":true,"href":"https:\/\/www.polishscience.pl\/pl\/wp-json\/wp\/v2\/categories?post=106910"},{"taxonomy":"post_tag","embeddable":true,"href":"https:\/\/www.polishscience.pl\/pl\/wp-json\/wp\/v2\/tags?post=106910"}],"curies":[{"name":"wp","href":"https:\/\/api.w.org\/{rel}","templated":true}]}}