{"id":106700,"date":"2019-12-13T10:14:43","date_gmt":"2019-12-13T09:14:43","guid":{"rendered":"http:\/\/polishscience.pl\/?p=106700"},"modified":"2019-12-13T10:14:43","modified_gmt":"2019-12-13T09:14:43","slug":"chinski-minister-edukacji-nagrodzil-rektora-uniwersytetu-jagiellonskiego","status":"publish","type":"post","link":"https:\/\/www.polishscience.pl\/pl\/chinski-minister-edukacji-nagrodzil-rektora-uniwersytetu-jagiellonskiego\/","title":{"rendered":"Chi\u0144ski minister edukacji nagrodzi\u0142 rektora Uniwersytetu Jagiello\u0144skiego"},"content":{"rendered":"<p><strong>Minister edukacji Chi\u0144skiej Republiki Ludowej Tian Xuejun wr\u0119czy\u0142 rektorowi Uniwersytetu Jagiello\u0144skiego (UJ) w Krakowie prof. Wojciechowi Nowakowi nagrod\u0119 honorow\u0105 za zas\u0142ugi dla utworzenia i ci\u0105g\u0142ego wsparcia Centrum J\u0119zyka i Kultury Chi\u0144skiej UJ &#8222;Instytut Konfucjusza w Krakowie&#8221;.<\/strong><\/p>\n<p>Uroczysto\u015b\u0107 mia\u0142a miejsce podczas International Chinese Language Education Conference.\u00a0 Tegoroczna konferencja, w kt\u00f3rej uczestniczyli przedstawiciele wszystkich \u015bwiatowych Instytut\u00f3w Konfucjusza, odbywa\u0142a si\u0119 w Changsha &#8211; stolicy prowincji Hunan.<\/p>\n<p>Rektor UJ reprezentowa\u0142 najstarsz\u0105 polsk\u0105 uczelni\u0119 na posiedzeniu Rady Programowej Instytut\u00f3w Konfucjusza i jako jedyny cz\u0142onek tego gremium zosta\u0142 poproszony o wr\u0119czenie nagr\u00f3d przedstawicielom wyr\u00f3\u017cniaj\u0105cych si\u0119 jednostek \u2013 informuje UJ.<\/p>\n<p>jp<\/p>\n<p>&nbsp;<\/p>\n","protected":false},"excerpt":{"rendered":"<p>Minister edukacji Chi\u0144skiej Republiki Ludowej Tian Xuejun wr\u0119czy\u0142 rektorowi Uniwersytetu Jagiello\u0144skiego (UJ) w Krakowie prof. Wojciechowi Nowakowi nagrod\u0119 honorow\u0105 za zas\u0142ugi dla utworzenia i ci\u0105g\u0142ego wsparcia Centrum J\u0119zyka i Kultury Chi\u0144skiej UJ &#8222;Instytut Konfucjusza w Krakowie&#8221;. Uroczysto\u015b\u0107 mia\u0142a miejsce podczas International Chinese Language Education Conference.\u00a0 Tegoroczna konferencja, w kt\u00f3rej uczestniczyli przedstawiciele wszystkich \u015bwiatowych Instytut\u00f3w Konfucjusza, [&hellip;]<\/p>\n","protected":false},"author":6,"featured_media":0,"comment_status":"closed","ping_status":"closed","sticky":false,"template":"","format":"standard","meta":[],"categories":[21,22],"tags":[],"_links":{"self":[{"href":"https:\/\/www.polishscience.pl\/pl\/wp-json\/wp\/v2\/posts\/106700"}],"collection":[{"href":"https:\/\/www.polishscience.pl\/pl\/wp-json\/wp\/v2\/posts"}],"about":[{"href":"https:\/\/www.polishscience.pl\/pl\/wp-json\/wp\/v2\/types\/post"}],"author":[{"embeddable":true,"href":"https:\/\/www.polishscience.pl\/pl\/wp-json\/wp\/v2\/users\/6"}],"replies":[{"embeddable":true,"href":"https:\/\/www.polishscience.pl\/pl\/wp-json\/wp\/v2\/comments?post=106700"}],"version-history":[{"count":0,"href":"https:\/\/www.polishscience.pl\/pl\/wp-json\/wp\/v2\/posts\/106700\/revisions"}],"wp:attachment":[{"href":"https:\/\/www.polishscience.pl\/pl\/wp-json\/wp\/v2\/media?parent=106700"}],"wp:term":[{"taxonomy":"category","embeddable":true,"href":"https:\/\/www.polishscience.pl\/pl\/wp-json\/wp\/v2\/categories?post=106700"},{"taxonomy":"post_tag","embeddable":true,"href":"https:\/\/www.polishscience.pl\/pl\/wp-json\/wp\/v2\/tags?post=106700"}],"curies":[{"name":"wp","href":"https:\/\/api.w.org\/{rel}","templated":true}]}}