{"id":106027,"date":"2019-12-10T15:47:13","date_gmt":"2019-12-10T14:47:13","guid":{"rendered":"http:\/\/polishscience.pl\/?p=106027"},"modified":"2019-12-10T15:56:34","modified_gmt":"2019-12-10T14:56:34","slug":"fizyk-uniwersytetu-mikolaja-kopernika-w-toruniu-z-nagroda-polskiej-akademii-nauk","status":"publish","type":"post","link":"https:\/\/www.polishscience.pl\/pl\/fizyk-uniwersytetu-mikolaja-kopernika-w-toruniu-z-nagroda-polskiej-akademii-nauk\/","title":{"rendered":"Fizyk Uniwersytetu Miko\u0142aja Kopernika w Toruniu z nagrod\u0105 Polskiej Akademii Nauk"},"content":{"rendered":"<p><strong>Dr in\u017c. Mateusz Borkowski z wydzia\u0142u fizyki, astronomii i informatyki stosowanej Uniwersytetu Miko\u0142aja Kopernika w Toruniu otrzyma\u0142 nagrod\u0119 naukow\u0105 im. Stefana Pie\u0144kowskiego Polskiej Akademii Nauk (PAN). Nagroda przyznawana jest corocznie przez Wydzia\u0142 IIII PAN za znacz\u0105ce osi\u0105gni\u0119cia naukowe w dziedzinie fizyki.<\/strong><\/p>\n<p>Naukowiec z Instytutu Fizyki otrzyma\u0142 nagrod\u0119 za &#8222;Teoretyczn\u0105 propozycj\u0119 pierwszego na \u015bwiecie optycznego zegara molekularnego opartego o ultrazimne moleku\u0142y w sieciach optycznych&#8221;. Artyku\u0142 na temat stworzenia takiego zegara zosta\u0142 opublikowany na \u0142amach presti\u017cowego czasopisma naukowego &#8222;Physical Review Letters&#8221; w 2018 roku.<\/p>\n<p>Zegar umo\u017cliwia\u0142by pomiary pozycji przej\u015b\u0107 molekularnych na niespotykanym dotychczas poziomie dok\u0142adno\u015bci &#8211; potencjalnie poni\u017cej 1 Hz, co pozwoli\u0142oby na m.in. poszukiwania nowych oddzia\u0142ywa\u0144 fundamentalnych czy nawet detekcj\u0119 obecno\u015bci ciemnej materii poprzez wywo\u0142ywane przez ni\u0105 powolne oscylacje sta\u0142ych fizycznych \u2013 informuje uczelnia.<\/p>\n<p>Wi\u0119cej: <a href=\"https:\/\/www.umk.pl\/wiadomosci\/?id=26458\">https:\/\/www.umk.pl\/wiadomosci\/?id=26458<\/a><\/p>\n<p>&nbsp;<\/p>\n<p>jsz<\/p>\n","protected":false},"excerpt":{"rendered":"<p>Dr in\u017c. Mateusz Borkowski z wydzia\u0142u fizyki, astronomii i informatyki stosowanej Uniwersytetu Miko\u0142aja Kopernika w Toruniu otrzyma\u0142 nagrod\u0119 naukow\u0105 im. Stefana Pie\u0144kowskiego Polskiej Akademii Nauk (PAN). Nagroda przyznawana jest corocznie przez Wydzia\u0142 IIII PAN za znacz\u0105ce osi\u0105gni\u0119cia naukowe w dziedzinie fizyki. Naukowiec z Instytutu Fizyki otrzyma\u0142 nagrod\u0119 za &#8222;Teoretyczn\u0105 propozycj\u0119 pierwszego na \u015bwiecie optycznego zegara [&hellip;]<\/p>\n","protected":false},"author":6,"featured_media":0,"comment_status":"closed","ping_status":"closed","sticky":false,"template":"","format":"standard","meta":[],"categories":[22],"tags":[],"_links":{"self":[{"href":"https:\/\/www.polishscience.pl\/pl\/wp-json\/wp\/v2\/posts\/106027"}],"collection":[{"href":"https:\/\/www.polishscience.pl\/pl\/wp-json\/wp\/v2\/posts"}],"about":[{"href":"https:\/\/www.polishscience.pl\/pl\/wp-json\/wp\/v2\/types\/post"}],"author":[{"embeddable":true,"href":"https:\/\/www.polishscience.pl\/pl\/wp-json\/wp\/v2\/users\/6"}],"replies":[{"embeddable":true,"href":"https:\/\/www.polishscience.pl\/pl\/wp-json\/wp\/v2\/comments?post=106027"}],"version-history":[{"count":0,"href":"https:\/\/www.polishscience.pl\/pl\/wp-json\/wp\/v2\/posts\/106027\/revisions"}],"wp:attachment":[{"href":"https:\/\/www.polishscience.pl\/pl\/wp-json\/wp\/v2\/media?parent=106027"}],"wp:term":[{"taxonomy":"category","embeddable":true,"href":"https:\/\/www.polishscience.pl\/pl\/wp-json\/wp\/v2\/categories?post=106027"},{"taxonomy":"post_tag","embeddable":true,"href":"https:\/\/www.polishscience.pl\/pl\/wp-json\/wp\/v2\/tags?post=106027"}],"curies":[{"name":"wp","href":"https:\/\/api.w.org\/{rel}","templated":true}]}}