{"id":106023,"date":"2019-12-10T12:47:07","date_gmt":"2019-12-10T11:47:07","guid":{"rendered":"http:\/\/polishscience.pl\/?p=106023"},"modified":"2019-12-10T13:06:09","modified_gmt":"2019-12-10T12:06:09","slug":"anna-budzanowska-polacy-chca-czystego-powietrza","status":"publish","type":"post","link":"https:\/\/www.polishscience.pl\/pl\/anna-budzanowska-polacy-chca-czystego-powietrza\/","title":{"rendered":"Anna Budzanowska: Polacy chc\u0105 czystego powietrza"},"content":{"rendered":"<p><strong>Przedstawiciele \u015bwiata nauki oraz mi\u0119dzynarodowych instytucji dzia\u0142aj\u0105cych na rzecz ochrony \u015brodowiska spotkali si\u0119 na Uniwersytecie Autonomicznym w Madrycie na sympozjum Climate Law and Governance Day (Dzie\u0144 prawa dla ochrony klimatu i zarz\u0105dzania klimatem). W konferencji wzi\u0119\u0142a udzia\u0142 dyrektor generalna Ministerstwa Nauki i Szkolnictwa Wy\u017cszego dr Anna Budzanowska, przedstawiaj\u0105c perspektywy polityki naukowej w odniesieniu do wyzwa\u0144 klimatycznych \u2013 poinformowa\u0142 resort nauki.<\/strong><\/p>\n<p>Polska jako kraj nadrobi\u0142a zaleg\u0142o\u015bci, a problem zmian klimatu sta\u0142 si\u0119 jedn\u0105 z najwa\u017cniejszych polityk nowego rz\u0105du. Polacy chc\u0105 czystego powietrza, chc\u0105 chroni\u0107 \u015brodowisko i s\u0105 sk\u0142onni podj\u0105\u0107 wi\u0105\u017c\u0105ce si\u0119 z tym zobowi\u0105zania \u2012 m\u00f3wi\u0142a Anna Budzanowska podczas panelu ekspert\u00f3w Climate Protection Problems and Policy Directions from a Post-COP24 Polish Perspective podsumowuj\u0105cym ubieg\u0142oroczny Climate Law and Governance Day, kt\u00f3ry odby\u0142 si\u0119 w Katowicach.<\/p>\n<p>Nie ma jednego przepisu na neutralno\u015b\u0107 klimatyczn\u0105. R\u00f3\u017cne uwarunkowania poszczeg\u00f3lnych kraj\u00f3w powoduj\u0105, \u017ce musimy szuka\u0107 \u015bcie\u017cki, kt\u00f3ra b\u0119dzie dla nas optymalna. Bardzo powa\u017cny wk\u0142ad w tym obszarze daj\u0105 naukowcy, gdy\u017c ich badania wytyczaj\u0105 kierunki ochrony klimatu \u2012 podkre\u015bli\u0142a dr Budzanowska.<\/p>\n<p>jp<\/p>\n","protected":false},"excerpt":{"rendered":"<p>Przedstawiciele \u015bwiata nauki oraz mi\u0119dzynarodowych instytucji dzia\u0142aj\u0105cych na rzecz ochrony \u015brodowiska spotkali si\u0119 na Uniwersytecie Autonomicznym w Madrycie na sympozjum Climate Law and Governance Day (Dzie\u0144 prawa dla ochrony klimatu i zarz\u0105dzania klimatem). W konferencji wzi\u0119\u0142a udzia\u0142 dyrektor generalna Ministerstwa Nauki i Szkolnictwa Wy\u017cszego dr Anna Budzanowska, przedstawiaj\u0105c perspektywy polityki naukowej w odniesieniu do wyzwa\u0144 [&hellip;]<\/p>\n","protected":false},"author":6,"featured_media":0,"comment_status":"closed","ping_status":"closed","sticky":false,"template":"","format":"standard","meta":[],"categories":[22],"tags":[],"_links":{"self":[{"href":"https:\/\/www.polishscience.pl\/pl\/wp-json\/wp\/v2\/posts\/106023"}],"collection":[{"href":"https:\/\/www.polishscience.pl\/pl\/wp-json\/wp\/v2\/posts"}],"about":[{"href":"https:\/\/www.polishscience.pl\/pl\/wp-json\/wp\/v2\/types\/post"}],"author":[{"embeddable":true,"href":"https:\/\/www.polishscience.pl\/pl\/wp-json\/wp\/v2\/users\/6"}],"replies":[{"embeddable":true,"href":"https:\/\/www.polishscience.pl\/pl\/wp-json\/wp\/v2\/comments?post=106023"}],"version-history":[{"count":0,"href":"https:\/\/www.polishscience.pl\/pl\/wp-json\/wp\/v2\/posts\/106023\/revisions"}],"wp:attachment":[{"href":"https:\/\/www.polishscience.pl\/pl\/wp-json\/wp\/v2\/media?parent=106023"}],"wp:term":[{"taxonomy":"category","embeddable":true,"href":"https:\/\/www.polishscience.pl\/pl\/wp-json\/wp\/v2\/categories?post=106023"},{"taxonomy":"post_tag","embeddable":true,"href":"https:\/\/www.polishscience.pl\/pl\/wp-json\/wp\/v2\/tags?post=106023"}],"curies":[{"name":"wp","href":"https:\/\/api.w.org\/{rel}","templated":true}]}}