{"id":106022,"date":"2019-12-10T11:47:06","date_gmt":"2019-12-10T10:47:06","guid":{"rendered":"http:\/\/polishscience.pl\/?p=106022"},"modified":"2019-12-10T13:06:07","modified_gmt":"2019-12-10T12:06:07","slug":"w-olsztynie-seminarium-o-strategicznych-koncepcjach-bezpieczenstwa-morskiego-polski","status":"publish","type":"post","link":"https:\/\/www.polishscience.pl\/pl\/w-olsztynie-seminarium-o-strategicznych-koncepcjach-bezpieczenstwa-morskiego-polski\/","title":{"rendered":"W Olsztynie seminarium o strategicznych koncepcjach bezpiecze\u0144stwa morskiego Polski"},"content":{"rendered":"<p><strong>Instytut Historii i Stosunk\u00f3w Mi\u0119dzynarodowych oraz Zak\u0142ad Studi\u00f3w Strategicznych i Wojskoznawstwa Uniwerystetu Warmi\u0144sko-Mazurskiego (UWM) w Olsztynie zapraszaj\u0105 12 grudnia na seminarium naukowe zatytu\u0142owane \u201eStrategiczne koncepcje bezpiecze\u0144stwa morskiego Rzeczypospolitej Polskiej\u201d.<\/strong><\/p>\n<p>Wydarzenie odb\u0119dzie si\u0119 o godz. 15.00 w sali Rady Wydzia\u0142u Humanistycznego UWM w Olsztynie przy ul. K. Obitza.<\/p>\n<p>W trakcie seminarium organizatorzy przewidzieli nast\u0119puj\u0105ce referaty: Komandora prof. dr hab. Andrzeja Drzewieckiego z Akademii Marynarki Wojennej im. Bohater\u00f3w Westerplatte \u201ePolska obecno\u015b\u0107 na morzu. Pytania o przysz\u0142o\u015b\u0107 marynarki wojennej i polityki morskiej pa\u0144stwa\u201d, dr Grzegorza Ka\u0142y \u2013 \u201eMy\u015bl strategiczna a przysz\u0142o\u015b\u0107 polskiej polityki morskiej i marynarki wojennej\u201d oraz Bart\u0142omieja Drzewieckiego \u2013 \u201eWojna informacyjna jako narz\u0119dzie wp\u0142ywu na polsk\u0105 polityk\u0119 morsk\u0105\u201d.<\/p>\n<p>jp<\/p>\n","protected":false},"excerpt":{"rendered":"<p>Instytut Historii i Stosunk\u00f3w Mi\u0119dzynarodowych oraz Zak\u0142ad Studi\u00f3w Strategicznych i Wojskoznawstwa Uniwerystetu Warmi\u0144sko-Mazurskiego (UWM) w Olsztynie zapraszaj\u0105 12 grudnia na seminarium naukowe zatytu\u0142owane \u201eStrategiczne koncepcje bezpiecze\u0144stwa morskiego Rzeczypospolitej Polskiej\u201d. Wydarzenie odb\u0119dzie si\u0119 o godz. 15.00 w sali Rady Wydzia\u0142u Humanistycznego UWM w Olsztynie przy ul. K. Obitza. W trakcie seminarium organizatorzy przewidzieli nast\u0119puj\u0105ce referaty: Komandora [&hellip;]<\/p>\n","protected":false},"author":6,"featured_media":0,"comment_status":"closed","ping_status":"closed","sticky":false,"template":"","format":"standard","meta":[],"categories":[22],"tags":[],"_links":{"self":[{"href":"https:\/\/www.polishscience.pl\/pl\/wp-json\/wp\/v2\/posts\/106022"}],"collection":[{"href":"https:\/\/www.polishscience.pl\/pl\/wp-json\/wp\/v2\/posts"}],"about":[{"href":"https:\/\/www.polishscience.pl\/pl\/wp-json\/wp\/v2\/types\/post"}],"author":[{"embeddable":true,"href":"https:\/\/www.polishscience.pl\/pl\/wp-json\/wp\/v2\/users\/6"}],"replies":[{"embeddable":true,"href":"https:\/\/www.polishscience.pl\/pl\/wp-json\/wp\/v2\/comments?post=106022"}],"version-history":[{"count":0,"href":"https:\/\/www.polishscience.pl\/pl\/wp-json\/wp\/v2\/posts\/106022\/revisions"}],"wp:attachment":[{"href":"https:\/\/www.polishscience.pl\/pl\/wp-json\/wp\/v2\/media?parent=106022"}],"wp:term":[{"taxonomy":"category","embeddable":true,"href":"https:\/\/www.polishscience.pl\/pl\/wp-json\/wp\/v2\/categories?post=106022"},{"taxonomy":"post_tag","embeddable":true,"href":"https:\/\/www.polishscience.pl\/pl\/wp-json\/wp\/v2\/tags?post=106022"}],"curies":[{"name":"wp","href":"https:\/\/api.w.org\/{rel}","templated":true}]}}