{"id":106019,"date":"2019-12-10T09:47:38","date_gmt":"2019-12-10T08:47:38","guid":{"rendered":"http:\/\/polishscience.pl\/?p=106019"},"modified":"2019-12-10T09:47:38","modified_gmt":"2019-12-10T08:47:38","slug":"starosc-ma-przyszlosc-wyklad-prof-bledowskiego-na-uniwersytecie-lodzkim","status":"publish","type":"post","link":"https:\/\/www.polishscience.pl\/pl\/starosc-ma-przyszlosc-wyklad-prof-bledowskiego-na-uniwersytecie-lodzkim\/","title":{"rendered":"Staro\u015b\u0107 ma przysz\u0142o\u015b\u0107 \u2013 wyk\u0142ad prof. B\u0142\u0119dowskiego na Uniwersytecie \u0141\u00f3dzkim"},"content":{"rendered":"<p><strong>Spo\u0142eczny wymiar staro\u015bci, perspektywa jednostki czy populacji os\u00f3b starszych \u2013\u00a0to zagadnienia poruszone podczas wyk\u0142adu prof. Piotra B\u0142\u0119dowskiego, polskiego ekonomisty i\u00a0gerontologa, kt\u00f3ry go\u015bci\u0142 na Wydziale Ekonomiczno-Socjologicznym Uniwersytetu \u0141\u00f3dzkiego (U\u0141).<\/strong><\/p>\n<p>Jak informuje Centrum Promocji U\u0141, profesor B\u0142\u0119dowski m\u00f3wi\u0142 m.in. o\u00a0barierach i\u00a0przeszkodach, kt\u00f3re mog\u0105 pojawi\u0107 si\u0119 na drodze os\u00f3b starszych w\u00a0codziennym \u017cyciu.<\/p>\n<p>Osoby starsze nie ograniczaj\u0105 ju\u017c swoich aspiracji, jak w\u00a0latach 80-tych XX wieku. Coraz bardziej zwi\u0119ksza si\u0119 ich aktywno\u015b\u0107 zawodowa. Jest coraz wi\u0119cej \u015bwiadcze\u0144. Chcia\u0142bym na staro\u015b\u0107 nie by\u0107 obywatelem drugiej kategorii, ale chc\u0119 mie\u0107 takie same prawa do \u015bwiadcze\u0144 jak pozostali, pod warunkiem, \u017ce takie \u015bwiadczenia b\u0119d\u0105 dost\u0119pne \u2013\u00a0m\u00f3wi\u0142 profesor.<\/p>\n<p>Prof. Piotr B\u0142\u0119dowski to d\u0142ugoletni przewodnicz\u0105cy Zarz\u0105du G\u0142\u00f3wnego Polskiego Towarzystwa Gerontologicznego (PTG), a\u00a0obecnie przewodnicz\u0105cy Komisji Rewizyjnej PTG oraz cz\u0142onek Komitetu Nauk o\u00a0Pracy i\u00a0Polityce Spo\u0142ecznej Polskiej Akademii Nauk.<\/p>\n<p>jp<\/p>\n","protected":false},"excerpt":{"rendered":"<p>Spo\u0142eczny wymiar staro\u015bci, perspektywa jednostki czy populacji os\u00f3b starszych \u2013\u00a0to zagadnienia poruszone podczas wyk\u0142adu prof. Piotra B\u0142\u0119dowskiego, polskiego ekonomisty i\u00a0gerontologa, kt\u00f3ry go\u015bci\u0142 na Wydziale Ekonomiczno-Socjologicznym Uniwersytetu \u0141\u00f3dzkiego (U\u0141). Jak informuje Centrum Promocji U\u0141, profesor B\u0142\u0119dowski m\u00f3wi\u0142 m.in. o\u00a0barierach i\u00a0przeszkodach, kt\u00f3re mog\u0105 pojawi\u0107 si\u0119 na drodze os\u00f3b starszych w\u00a0codziennym \u017cyciu. Osoby starsze nie ograniczaj\u0105 ju\u017c swoich [&hellip;]<\/p>\n","protected":false},"author":6,"featured_media":0,"comment_status":"closed","ping_status":"closed","sticky":false,"template":"","format":"standard","meta":[],"categories":[22],"tags":[],"_links":{"self":[{"href":"https:\/\/www.polishscience.pl\/pl\/wp-json\/wp\/v2\/posts\/106019"}],"collection":[{"href":"https:\/\/www.polishscience.pl\/pl\/wp-json\/wp\/v2\/posts"}],"about":[{"href":"https:\/\/www.polishscience.pl\/pl\/wp-json\/wp\/v2\/types\/post"}],"author":[{"embeddable":true,"href":"https:\/\/www.polishscience.pl\/pl\/wp-json\/wp\/v2\/users\/6"}],"replies":[{"embeddable":true,"href":"https:\/\/www.polishscience.pl\/pl\/wp-json\/wp\/v2\/comments?post=106019"}],"version-history":[{"count":0,"href":"https:\/\/www.polishscience.pl\/pl\/wp-json\/wp\/v2\/posts\/106019\/revisions"}],"wp:attachment":[{"href":"https:\/\/www.polishscience.pl\/pl\/wp-json\/wp\/v2\/media?parent=106019"}],"wp:term":[{"taxonomy":"category","embeddable":true,"href":"https:\/\/www.polishscience.pl\/pl\/wp-json\/wp\/v2\/categories?post=106019"},{"taxonomy":"post_tag","embeddable":true,"href":"https:\/\/www.polishscience.pl\/pl\/wp-json\/wp\/v2\/tags?post=106019"}],"curies":[{"name":"wp","href":"https:\/\/api.w.org\/{rel}","templated":true}]}}