{"id":105789,"date":"2019-12-09T10:15:39","date_gmt":"2019-12-09T09:15:39","guid":{"rendered":"http:\/\/polishscience.pl\/?p=105789"},"modified":"2019-12-09T10:15:39","modified_gmt":"2019-12-09T09:15:39","slug":"prorektor-uniwersytetu-jagiellonskiego-spotkal-sie-z-komisarz-unii-europejskiej-ds-innowacji-i-mlodziezy","status":"publish","type":"post","link":"https:\/\/www.polishscience.pl\/pl\/prorektor-uniwersytetu-jagiellonskiego-spotkal-sie-z-komisarz-unii-europejskiej-ds-innowacji-i-mlodziezy\/","title":{"rendered":"Prorektor Uniwersytetu Jagiello\u0144skiego spotka\u0142 si\u0119 z komisarz Unii Europejskiej ds. innowacji i m\u0142odzie\u017cy"},"content":{"rendered":"<p><b>Prof. Stanis\u0142aw Kistryn &#8211; prorektor Uniwersytetu Jagiello\u0144skiego (UJ) w Krakowie ds. bada\u0144 naukowych i funduszy strukturalnych, spotka\u0142 si\u0119 w Brukseli z komisarz Marij\u0105 Gabriel oraz wzi\u0105\u0142 udzia\u0142 w debacie &#8222;Nowa wizja europejskiego sektora szkolnictwa wy\u017cszego&#8221;.\u00a0<\/b><\/p>\n<p>Marija Gabriel, jest cz\u0142onkini\u0105 Komisji Europejskiej,\u00a0kt\u00f3ra od 1 grudnia pe\u0142ni funkcj\u0119 komisarza ds. innowacji i m\u0142odzie\u017cy, odpowiadaj\u0105c tak\u017ce za sektor bada\u0144 i szkolnictwa wy\u017cszego. Prorektor UJ prof. Kistryn\u00a0 jest tak\u017ce wsp\u00f3\u0142za\u0142o\u017cycielem sieci The Guild of European Research &#8211; Intensive Universities i reprezentantem stowarzyszenia uniwersytet\u00f3w europejskich UNA Europa.<\/p>\n<p>Podczas spotkania poruszone zosta\u0142y istotne kwestie dotycz\u0105ce spraw inicjatyw Uniwersytet\u00f3w Europejskich, problem\u00f3w r\u00f3\u017cnicy uczestnictwa kraj\u00f3w EU-15 i EU-13 w programach Horizon 2020 i perspektywy zmniejszania tych dysproporcji w Horizon Europe \u2013 informuje UJ.<\/p>\n<p>M\u00f3wiono tak\u017ce o finansowaniu bada\u0144 naukowych z funduszy europejskich i narodowych oraz inicjatyw wspieraj\u0105cych wsp\u00f3\u0142prac\u0119 mi\u0119dzynarodow\u0105 z krajami spoza UE.<\/p>\n<p>jp<\/p>\n","protected":false},"excerpt":{"rendered":"<p>Prof. Stanis\u0142aw Kistryn &#8211; prorektor Uniwersytetu Jagiello\u0144skiego (UJ) w Krakowie ds. bada\u0144 naukowych i funduszy strukturalnych, spotka\u0142 si\u0119 w Brukseli z komisarz Marij\u0105 Gabriel oraz wzi\u0105\u0142 udzia\u0142 w debacie &#8222;Nowa wizja europejskiego sektora szkolnictwa wy\u017cszego&#8221;.\u00a0 Marija Gabriel, jest cz\u0142onkini\u0105 Komisji Europejskiej,\u00a0kt\u00f3ra od 1 grudnia pe\u0142ni funkcj\u0119 komisarza ds. innowacji i m\u0142odzie\u017cy, odpowiadaj\u0105c tak\u017ce za sektor [&hellip;]<\/p>\n","protected":false},"author":6,"featured_media":0,"comment_status":"closed","ping_status":"closed","sticky":false,"template":"","format":"standard","meta":[],"categories":[21],"tags":[],"_links":{"self":[{"href":"https:\/\/www.polishscience.pl\/pl\/wp-json\/wp\/v2\/posts\/105789"}],"collection":[{"href":"https:\/\/www.polishscience.pl\/pl\/wp-json\/wp\/v2\/posts"}],"about":[{"href":"https:\/\/www.polishscience.pl\/pl\/wp-json\/wp\/v2\/types\/post"}],"author":[{"embeddable":true,"href":"https:\/\/www.polishscience.pl\/pl\/wp-json\/wp\/v2\/users\/6"}],"replies":[{"embeddable":true,"href":"https:\/\/www.polishscience.pl\/pl\/wp-json\/wp\/v2\/comments?post=105789"}],"version-history":[{"count":0,"href":"https:\/\/www.polishscience.pl\/pl\/wp-json\/wp\/v2\/posts\/105789\/revisions"}],"wp:attachment":[{"href":"https:\/\/www.polishscience.pl\/pl\/wp-json\/wp\/v2\/media?parent=105789"}],"wp:term":[{"taxonomy":"category","embeddable":true,"href":"https:\/\/www.polishscience.pl\/pl\/wp-json\/wp\/v2\/categories?post=105789"},{"taxonomy":"post_tag","embeddable":true,"href":"https:\/\/www.polishscience.pl\/pl\/wp-json\/wp\/v2\/tags?post=105789"}],"curies":[{"name":"wp","href":"https:\/\/api.w.org\/{rel}","templated":true}]}}