{"id":105788,"date":"2019-12-09T10:15:22","date_gmt":"2019-12-09T09:15:22","guid":{"rendered":"http:\/\/polishscience.pl\/?p=105788"},"modified":"2019-12-09T10:15:22","modified_gmt":"2019-12-09T09:15:22","slug":"wicepremier-gowin-powolal-czlonkow-polskiej-komisji-akredytacyjnej","status":"publish","type":"post","link":"https:\/\/www.polishscience.pl\/pl\/wicepremier-gowin-powolal-czlonkow-polskiej-komisji-akredytacyjnej\/","title":{"rendered":"Wicepremier Gowin powo\u0142a\u0142 cz\u0142onk\u00f3w Polskiej Komisji Akredytacyjnej"},"content":{"rendered":"<p><b>1 stycznia 2020 roku rozpocznie si\u0119 kolejna czteroletnia kadencja Polskiej Komisji Akredytacyjnej (PKA), instytucji dzia\u0142aj\u0105cej na rzecz zapewnienia i doskonalenia jako\u015bci kszta\u0142cenia. Wicepremier, minister nauki i szkolnictwa wy\u017cszego Jaros\u0142aw Gowin wr\u0119czy\u0142 powo\u0142ania cz\u0142onkom PKA.<\/b><\/p>\n<p>Podstawowymi celami dzia\u0142a\u0144 Komisji s\u0105 dba\u0142o\u015b\u0107 o\u00a0spe\u0142nianie standard\u00f3w jako\u015bciowych przyj\u0119tych dla szkolnictwa wy\u017cszego, nawi\u0105zuj\u0105cych do\u00a0najlepszych wzorc\u00f3w obowi\u0105zuj\u0105cych w\u00a0europejskiej i\u00a0globalnej przestrzeni edukacyjnej oraz\u00a0wspieranie uczelni publicznych i\u00a0niepublicznych w\u00a0procesie doskonalenia jako\u015bci kszta\u0142cenia a\u00a0tak\u017ce budowania kultury jako\u015bci \u2013 czytamy w komunikacie resortu nauki.<\/p>\n<p>Decyzje podejmowane przez PKA wp\u0142ywaj\u0105c istotnie na funkcjonowanie ka\u017cdej uczelni w Polsce, w du\u017cym stopniu kszta\u0142tuj\u0105 r\u00f3wnie\u017c funkcjonowanie ca\u0142ego systemu szkolnictwa wy\u017cszego. Chcia\u0142bym aby nowi cz\u0142onkowie PKA pami\u0119tali o tym przez ca\u0142y czas pe\u0142nienia swojej funkcji \u2013 podkre\u015bli\u0142 wicepremier Jaros\u0142aw Gowin.<\/p>\n<p>Sk\u0142ad PKA:<br \/>\n<a href=\"https:\/\/www.gov.pl\/web\/nauka\/komunikat-w-sprawie-powolania-czlonkow-polskiej-komisji-akredytacyjnej-na-kadencje-2020-2023\">https:\/\/www.gov.pl\/web\/nauka\/komunikat-w-sprawie-powolania-czlonkow-polskiej-komisji-akredytacyjnej-na-kadencje-2020-2023<\/a><\/p>\n<p>jp<\/p>\n<p>&nbsp;<\/p>\n","protected":false},"excerpt":{"rendered":"<p>1 stycznia 2020 roku rozpocznie si\u0119 kolejna czteroletnia kadencja Polskiej Komisji Akredytacyjnej (PKA), instytucji dzia\u0142aj\u0105cej na rzecz zapewnienia i doskonalenia jako\u015bci kszta\u0142cenia. Wicepremier, minister nauki i szkolnictwa wy\u017cszego Jaros\u0142aw Gowin wr\u0119czy\u0142 powo\u0142ania cz\u0142onkom PKA. Podstawowymi celami dzia\u0142a\u0144 Komisji s\u0105 dba\u0142o\u015b\u0107 o\u00a0spe\u0142nianie standard\u00f3w jako\u015bciowych przyj\u0119tych dla szkolnictwa wy\u017cszego, nawi\u0105zuj\u0105cych do\u00a0najlepszych wzorc\u00f3w obowi\u0105zuj\u0105cych w\u00a0europejskiej i\u00a0globalnej przestrzeni edukacyjnej [&hellip;]<\/p>\n","protected":false},"author":6,"featured_media":0,"comment_status":"closed","ping_status":"closed","sticky":false,"template":"","format":"standard","meta":[],"categories":[21],"tags":[],"_links":{"self":[{"href":"https:\/\/www.polishscience.pl\/pl\/wp-json\/wp\/v2\/posts\/105788"}],"collection":[{"href":"https:\/\/www.polishscience.pl\/pl\/wp-json\/wp\/v2\/posts"}],"about":[{"href":"https:\/\/www.polishscience.pl\/pl\/wp-json\/wp\/v2\/types\/post"}],"author":[{"embeddable":true,"href":"https:\/\/www.polishscience.pl\/pl\/wp-json\/wp\/v2\/users\/6"}],"replies":[{"embeddable":true,"href":"https:\/\/www.polishscience.pl\/pl\/wp-json\/wp\/v2\/comments?post=105788"}],"version-history":[{"count":0,"href":"https:\/\/www.polishscience.pl\/pl\/wp-json\/wp\/v2\/posts\/105788\/revisions"}],"wp:attachment":[{"href":"https:\/\/www.polishscience.pl\/pl\/wp-json\/wp\/v2\/media?parent=105788"}],"wp:term":[{"taxonomy":"category","embeddable":true,"href":"https:\/\/www.polishscience.pl\/pl\/wp-json\/wp\/v2\/categories?post=105788"},{"taxonomy":"post_tag","embeddable":true,"href":"https:\/\/www.polishscience.pl\/pl\/wp-json\/wp\/v2\/tags?post=105788"}],"curies":[{"name":"wp","href":"https:\/\/api.w.org\/{rel}","templated":true}]}}