{"id":105559,"date":"2019-12-06T09:19:32","date_gmt":"2019-12-06T08:19:32","guid":{"rendered":"http:\/\/polishscience.pl\/?p=105559"},"modified":"2019-12-06T09:19:32","modified_gmt":"2019-12-06T08:19:32","slug":"uniwersytet-warszawski-zainaugurowal-program-catedra-mexico","status":"publish","type":"post","link":"https:\/\/www.polishscience.pl\/pl\/uniwersytet-warszawski-zainaugurowal-program-catedra-mexico\/","title":{"rendered":"Uniwersytet Warszawski zainaugurowa\u0142 program \u201eC\u00e1tedra M\u00e9xico\u201d"},"content":{"rendered":"<p><b>Na Uniwersytecie Warszawskim (UW) zosta\u0142 zainaugurowany program \u201eC\u00e1tedra M\u00e9xico\u201d. To cykl wyk\u0142ad\u00f3w prowadzonych przez meksyka\u0144skich naukowc\u00f3w. W tym roku wyk\u0142ady poprowadzi fizyk, dr Mauro Napsuciale Mend\u00edvil.<\/b><\/p>\n<p>Jak informuje UW, tegoroczny go\u015b\u0107, dr Mauro Napsuciale Mend\u00edvil, jest Dziekanem Wydzia\u0142u Fizyki na Uniwersytecie Guanajuato. Podczas inauguracji cyklu wyg\u0142osi\u0142 wyk\u0142ad pt. \u201eDark Matter: Facts And Myths\u201d. W spotkaniu wzi\u0105\u0142 udzia\u0142 Alejandro Negr\u00edn, ambasador Meksyku w Polsce.<\/p>\n<p>\u201eC\u00e1tedra M\u00e9xico\u201d to przede wszystkim wyk\u0142ady dla student\u00f3w. Wielodyscyplinarny program jest te\u017c okazj\u0105 do wsp\u00f3\u0142pracy naukowc\u00f3w polskich i meksyka\u0144skich, reprezentuj\u0105cych zar\u00f3wno nauki humanistyczne i spo\u0142eczne, jak i przyrodnicze i \u015bcis\u0142e.<\/p>\n<p>Program jest realizowany we wsp\u00f3\u0142pracy z Ministerstwem Spraw Zagranicznych Meksyku.<\/p>\n<p>jp<\/p>\n","protected":false},"excerpt":{"rendered":"<p>Na Uniwersytecie Warszawskim (UW) zosta\u0142 zainaugurowany program \u201eC\u00e1tedra M\u00e9xico\u201d. To cykl wyk\u0142ad\u00f3w prowadzonych przez meksyka\u0144skich naukowc\u00f3w. W tym roku wyk\u0142ady poprowadzi fizyk, dr Mauro Napsuciale Mend\u00edvil. Jak informuje UW, tegoroczny go\u015b\u0107, dr Mauro Napsuciale Mend\u00edvil, jest Dziekanem Wydzia\u0142u Fizyki na Uniwersytecie Guanajuato. Podczas inauguracji cyklu wyg\u0142osi\u0142 wyk\u0142ad pt. \u201eDark Matter: Facts And Myths\u201d. W spotkaniu [&hellip;]<\/p>\n","protected":false},"author":6,"featured_media":0,"comment_status":"closed","ping_status":"closed","sticky":false,"template":"","format":"standard","meta":[],"categories":[21,22],"tags":[],"_links":{"self":[{"href":"https:\/\/www.polishscience.pl\/pl\/wp-json\/wp\/v2\/posts\/105559"}],"collection":[{"href":"https:\/\/www.polishscience.pl\/pl\/wp-json\/wp\/v2\/posts"}],"about":[{"href":"https:\/\/www.polishscience.pl\/pl\/wp-json\/wp\/v2\/types\/post"}],"author":[{"embeddable":true,"href":"https:\/\/www.polishscience.pl\/pl\/wp-json\/wp\/v2\/users\/6"}],"replies":[{"embeddable":true,"href":"https:\/\/www.polishscience.pl\/pl\/wp-json\/wp\/v2\/comments?post=105559"}],"version-history":[{"count":0,"href":"https:\/\/www.polishscience.pl\/pl\/wp-json\/wp\/v2\/posts\/105559\/revisions"}],"wp:attachment":[{"href":"https:\/\/www.polishscience.pl\/pl\/wp-json\/wp\/v2\/media?parent=105559"}],"wp:term":[{"taxonomy":"category","embeddable":true,"href":"https:\/\/www.polishscience.pl\/pl\/wp-json\/wp\/v2\/categories?post=105559"},{"taxonomy":"post_tag","embeddable":true,"href":"https:\/\/www.polishscience.pl\/pl\/wp-json\/wp\/v2\/tags?post=105559"}],"curies":[{"name":"wp","href":"https:\/\/api.w.org\/{rel}","templated":true}]}}