{"id":105557,"date":"2019-12-06T09:18:57","date_gmt":"2019-12-06T08:18:57","guid":{"rendered":"http:\/\/polishscience.pl\/?p=105557"},"modified":"2019-12-06T09:18:57","modified_gmt":"2019-12-06T08:18:57","slug":"dzien-peruwianski-na-katolickim-uniwersytecie-lubelskim-2","status":"publish","type":"post","link":"https:\/\/www.polishscience.pl\/pl\/dzien-peruwianski-na-katolickim-uniwersytecie-lubelskim-2\/","title":{"rendered":"Dzie\u0144 Peruwia\u0144ski na Katolickim Uniwersytecie Lubelskim"},"content":{"rendered":"<p><b>Katedra \u015awiata Hiszpa\u0144skiego, Polityki i Relacji Mi\u0119dzynarodowych Katolickiego Uniwersytetu Lubelskiego (KUL), Ko\u0142o Hiszpa\u0144sko-Polskie przy KUL, Konsul Honorowy Peru w Lublinie oraz Liceum \u015ar\u00f3dziemnomorskie w Lublinie zapraszaj\u0105 na &#8222;Dzie\u0144 Peruwia\u0144ski&#8221;, kt\u00f3ry odb\u0119dzie si\u0119 12 grudnia 2019 r. w Centrum Transferu Wiedzy w Lublinie.<\/b><\/p>\n<p>Wydarzenie rozpocznie si\u0119 od wyst\u0105pienia Alberto Salasa Barahona, ambasadora Peru w Polsce. Nast\u0119pnie przewidziano prelekcje po\u015bwi\u0119cone Peru, relacjom polsko-peruwia\u0144skim i j\u0119zykowi hiszpa\u0144skiemu.<\/p>\n<p>Studenci hispanistyki KUL opowiedz\u0105 m.in. o j\u0119zyku hiszpa\u0144skim w Ameryce oraz zaprezentuj\u0105 \u201ePeruwia\u0144skie ABC\u201d. Dr Maciej Karkut z Katedry \u015awiata Hiszpa\u0144skiego podzieli si\u0119 natomiast \u201ewspomnieniami z transatlantyckiej wyprawy\u201d. Ojciec Walter Corsini wyg\u0142osi prelekcje zatytu\u0142owan\u0105 \u201eMisjonarz z Europy w\u015br\u00f3d peruwia\u0144skich Indian\u201d.<\/p>\n<p>Wydarzenie zako\u0144czy konkurs wiedzy na temat Peru dla uczni\u00f3w szk\u00f3\u0142 \u015brednich.<\/p>\n<p>jp<\/p>\n","protected":false},"excerpt":{"rendered":"<p>Katedra \u015awiata Hiszpa\u0144skiego, Polityki i Relacji Mi\u0119dzynarodowych Katolickiego Uniwersytetu Lubelskiego (KUL), Ko\u0142o Hiszpa\u0144sko-Polskie przy KUL, Konsul Honorowy Peru w Lublinie oraz Liceum \u015ar\u00f3dziemnomorskie w Lublinie zapraszaj\u0105 na &#8222;Dzie\u0144 Peruwia\u0144ski&#8221;, kt\u00f3ry odb\u0119dzie si\u0119 12 grudnia 2019 r. w Centrum Transferu Wiedzy w Lublinie. Wydarzenie rozpocznie si\u0119 od wyst\u0105pienia Alberto Salasa Barahona, ambasadora Peru w Polsce. Nast\u0119pnie [&hellip;]<\/p>\n","protected":false},"author":6,"featured_media":0,"comment_status":"closed","ping_status":"closed","sticky":false,"template":"","format":"standard","meta":[],"categories":[22],"tags":[],"_links":{"self":[{"href":"https:\/\/www.polishscience.pl\/pl\/wp-json\/wp\/v2\/posts\/105557"}],"collection":[{"href":"https:\/\/www.polishscience.pl\/pl\/wp-json\/wp\/v2\/posts"}],"about":[{"href":"https:\/\/www.polishscience.pl\/pl\/wp-json\/wp\/v2\/types\/post"}],"author":[{"embeddable":true,"href":"https:\/\/www.polishscience.pl\/pl\/wp-json\/wp\/v2\/users\/6"}],"replies":[{"embeddable":true,"href":"https:\/\/www.polishscience.pl\/pl\/wp-json\/wp\/v2\/comments?post=105557"}],"version-history":[{"count":0,"href":"https:\/\/www.polishscience.pl\/pl\/wp-json\/wp\/v2\/posts\/105557\/revisions"}],"wp:attachment":[{"href":"https:\/\/www.polishscience.pl\/pl\/wp-json\/wp\/v2\/media?parent=105557"}],"wp:term":[{"taxonomy":"category","embeddable":true,"href":"https:\/\/www.polishscience.pl\/pl\/wp-json\/wp\/v2\/categories?post=105557"},{"taxonomy":"post_tag","embeddable":true,"href":"https:\/\/www.polishscience.pl\/pl\/wp-json\/wp\/v2\/tags?post=105557"}],"curies":[{"name":"wp","href":"https:\/\/api.w.org\/{rel}","templated":true}]}}