{"id":105334,"date":"2019-12-05T09:33:53","date_gmt":"2019-12-05T08:33:53","guid":{"rendered":"http:\/\/polishscience.pl\/?p=105334"},"modified":"2019-12-05T09:33:53","modified_gmt":"2019-12-05T08:33:53","slug":"ruszyl-uniwersytet-polarny","status":"publish","type":"post","link":"https:\/\/www.polishscience.pl\/pl\/ruszyl-uniwersytet-polarny\/","title":{"rendered":"Ruszy\u0142 Uniwersytet Polarny"},"content":{"rendered":"<p style=\"margin: 0cm 0cm 8.0pt 0cm;\"><b><span style=\"color: black;\">Jak globalne ocieplenie zmienia Arktyk\u0119? Jak szybko mog\u0105 si\u0119 porusza\u0107 lodowce? I jak wygl\u0105da Gwiazdka w domu pod biegunem? Tego wszystkiego mo\u017cna dowiedzie\u0107 si\u0119 z internetowych wyk\u0142ad\u00f3w organizowanych przez Instytut Geofizyki Polskiej Akademii Nauk (PAN).<\/span><\/b><\/p>\n<p style=\"margin: 0cm 0cm 8.0pt 0cm;\"><span style=\"color: black;\">W ramach projektu Edu-Arctic ruszy\u0142 w\u0142a\u015bnie Uniwersytet Polarny. Pierwszy wyk\u0142ad internetowy odby\u0142 si\u0119 26 listopada. O zmianach klimatu opowiedzia\u0142 wiceprezes PAN prof. Pawe\u0142 Rowi\u0144ski.\u00a0<\/span><\/p>\n<p style=\"margin: 0cm 0cm 8.0pt 0cm;\"><span style=\"color: black;\">W grudniu czekaj\u0105 nas jeszcze 2 wyk\u0142ady, kt\u00f3re nawi\u0105zuj\u0105 tematyk\u0105 do \u015awi\u0105t Bo\u017cego Narodzenia. Wystarczy wej\u015b\u0107 na stron\u0119 edu-arctic.pl i wzi\u0105\u0107 udzia\u0142 w wybranym wyk\u0142adzie. Przewidziano po\u0142\u0105czenia \u201ena \u017cywo\u201d z polskimi stacjami polarnymi.<\/span><\/p>\n<p style=\"margin: 0cm 0cm 8.0pt 0cm;\"><span style=\"color: black;\">6 grudnia (pi\u0105tek), godz. 10.00 i 16.00 mo\u017cemy wys\u0142ucha\u0107 wyk\u0142adu \u201eCa\u0142a prawda o magii renifer\u00f3w\u201d, a 17 i 18 grudnia \u201e\u015awi\u0119ta u polarnik\u00f3w\u201d. Opowie o nich Joanna Perchaluk-Mandat z Polskiej Stacji Polarnej \u201eHornsund\u201d na Spitsbergenie.<\/span><\/p>\n<p style=\"margin: 0cm 0cm 8.0pt 0cm;\"><span style=\"color: black;\">Wi\u0119cej:<br \/>\n<\/span><a href=\"http:\/\/www.edu-arctic.pl\">www.edu-arctic.pl<\/a><\/p>\n<p style=\"margin: 0cm 0cm 8.0pt 0cm;\"><span style=\"color: black;\">jp<\/span><\/p>\n","protected":false},"excerpt":{"rendered":"<p>Jak globalne ocieplenie zmienia Arktyk\u0119? Jak szybko mog\u0105 si\u0119 porusza\u0107 lodowce? I jak wygl\u0105da Gwiazdka w domu pod biegunem? Tego wszystkiego mo\u017cna dowiedzie\u0107 si\u0119 z internetowych wyk\u0142ad\u00f3w organizowanych przez Instytut Geofizyki Polskiej Akademii Nauk (PAN). W ramach projektu Edu-Arctic ruszy\u0142 w\u0142a\u015bnie Uniwersytet Polarny. Pierwszy wyk\u0142ad internetowy odby\u0142 si\u0119 26 listopada. O zmianach klimatu opowiedzia\u0142 wiceprezes [&hellip;]<\/p>\n","protected":false},"author":6,"featured_media":0,"comment_status":"closed","ping_status":"closed","sticky":false,"template":"","format":"standard","meta":[],"categories":[22],"tags":[],"_links":{"self":[{"href":"https:\/\/www.polishscience.pl\/pl\/wp-json\/wp\/v2\/posts\/105334"}],"collection":[{"href":"https:\/\/www.polishscience.pl\/pl\/wp-json\/wp\/v2\/posts"}],"about":[{"href":"https:\/\/www.polishscience.pl\/pl\/wp-json\/wp\/v2\/types\/post"}],"author":[{"embeddable":true,"href":"https:\/\/www.polishscience.pl\/pl\/wp-json\/wp\/v2\/users\/6"}],"replies":[{"embeddable":true,"href":"https:\/\/www.polishscience.pl\/pl\/wp-json\/wp\/v2\/comments?post=105334"}],"version-history":[{"count":0,"href":"https:\/\/www.polishscience.pl\/pl\/wp-json\/wp\/v2\/posts\/105334\/revisions"}],"wp:attachment":[{"href":"https:\/\/www.polishscience.pl\/pl\/wp-json\/wp\/v2\/media?parent=105334"}],"wp:term":[{"taxonomy":"category","embeddable":true,"href":"https:\/\/www.polishscience.pl\/pl\/wp-json\/wp\/v2\/categories?post=105334"},{"taxonomy":"post_tag","embeddable":true,"href":"https:\/\/www.polishscience.pl\/pl\/wp-json\/wp\/v2\/tags?post=105334"}],"curies":[{"name":"wp","href":"https:\/\/api.w.org\/{rel}","templated":true}]}}