{"id":104663,"date":"2019-12-02T11:02:49","date_gmt":"2019-12-02T10:02:49","guid":{"rendered":"http:\/\/polishscience.pl\/?p=104663"},"modified":"2019-12-02T12:48:05","modified_gmt":"2019-12-02T11:48:05","slug":"konferencja-naukowa-albert-einstein-i-struktura-wszechswiata","status":"publish","type":"post","link":"https:\/\/www.polishscience.pl\/pl\/konferencja-naukowa-albert-einstein-i-struktura-wszechswiata\/","title":{"rendered":"Konferencja naukowa \u201eAlbert Einstein i struktura wszech\u015bwiata\u201d"},"content":{"rendered":"<p><strong>Katedra Filozofii Przyrody Uniwersytetu Papieskiego Jana Paw\u0142a II (UPJPII) w Krakowie organizuje w dniach 4-5 grudnia 2019 roku konferencj\u0119 naukow\u0105\u00a0\u201eAlbert Einstein i struktura wszech\u015bwiata\u201d.<\/strong><\/p>\n<p>Intencj\u0105 organizator\u00f3w jest stworzenie okazji do spotkania student\u00f3w, magistrant\u00f3w oraz doktorant\u00f3w wydzia\u0142\u00f3w filozoficznych oraz wydzia\u0142\u00f3w nauk \u015bcis\u0142ych, kt\u00f3rych badania koncentruj\u0105 si\u0119 wok\u00f3\u0142 my\u015bli Alberta Einsteina oraz szeroko rozumianej struktury otaczaj\u0105cego nas wszech\u015bwiata.<\/p>\n<p>Jak podkre\u015bla w komunikacie UPJPII, organizatorom zale\u017cy, aby stworzy\u0107 uczestnikom mo\u017cliwo\u015b\u0107 do zaprezentowania aktualnie prowadzonych bada\u0144 w ramach prac magisterskich, prac licencjackich czy te\u017c rozpraw doktorskich z zakresu filozofii przyrody oraz nauk przyrodniczych.<\/p>\n<p>Konferencja odb\u0119dzie si\u0119 w auli Wydzia\u0142u Filozoficznego Uniwersytetu Papieskiego Jana Paw\u0142a II przy ulicy Bernardy\u0144skiej 3 w Krakowie.<\/p>\n<p>jp<\/p>\n","protected":false},"excerpt":{"rendered":"<p>Katedra Filozofii Przyrody Uniwersytetu Papieskiego Jana Paw\u0142a II (UPJPII) w Krakowie organizuje w dniach 4-5 grudnia 2019 roku konferencj\u0119 naukow\u0105\u00a0\u201eAlbert Einstein i struktura wszech\u015bwiata\u201d. Intencj\u0105 organizator\u00f3w jest stworzenie okazji do spotkania student\u00f3w, magistrant\u00f3w oraz doktorant\u00f3w wydzia\u0142\u00f3w filozoficznych oraz wydzia\u0142\u00f3w nauk \u015bcis\u0142ych, kt\u00f3rych badania koncentruj\u0105 si\u0119 wok\u00f3\u0142 my\u015bli Alberta Einsteina oraz szeroko rozumianej struktury otaczaj\u0105cego nas [&hellip;]<\/p>\n","protected":false},"author":6,"featured_media":0,"comment_status":"closed","ping_status":"closed","sticky":false,"template":"","format":"standard","meta":[],"categories":[22],"tags":[],"_links":{"self":[{"href":"https:\/\/www.polishscience.pl\/pl\/wp-json\/wp\/v2\/posts\/104663"}],"collection":[{"href":"https:\/\/www.polishscience.pl\/pl\/wp-json\/wp\/v2\/posts"}],"about":[{"href":"https:\/\/www.polishscience.pl\/pl\/wp-json\/wp\/v2\/types\/post"}],"author":[{"embeddable":true,"href":"https:\/\/www.polishscience.pl\/pl\/wp-json\/wp\/v2\/users\/6"}],"replies":[{"embeddable":true,"href":"https:\/\/www.polishscience.pl\/pl\/wp-json\/wp\/v2\/comments?post=104663"}],"version-history":[{"count":0,"href":"https:\/\/www.polishscience.pl\/pl\/wp-json\/wp\/v2\/posts\/104663\/revisions"}],"wp:attachment":[{"href":"https:\/\/www.polishscience.pl\/pl\/wp-json\/wp\/v2\/media?parent=104663"}],"wp:term":[{"taxonomy":"category","embeddable":true,"href":"https:\/\/www.polishscience.pl\/pl\/wp-json\/wp\/v2\/categories?post=104663"},{"taxonomy":"post_tag","embeddable":true,"href":"https:\/\/www.polishscience.pl\/pl\/wp-json\/wp\/v2\/tags?post=104663"}],"curies":[{"name":"wp","href":"https:\/\/api.w.org\/{rel}","templated":true}]}}