{"id":104397,"date":"2019-11-29T10:13:47","date_gmt":"2019-11-29T09:13:47","guid":{"rendered":"http:\/\/polishscience.pl\/?p=104397"},"modified":"2019-11-29T11:16:47","modified_gmt":"2019-11-29T10:16:47","slug":"uniwersytet-kardynala-stefana-wyszynskiego-zaciesnia-wspolprace-z-uniwersytetem-medycznym-w-lublinie","status":"publish","type":"post","link":"https:\/\/www.polishscience.pl\/pl\/uniwersytet-kardynala-stefana-wyszynskiego-zaciesnia-wspolprace-z-uniwersytetem-medycznym-w-lublinie\/","title":{"rendered":"Uniwersytet Kardyna\u0142a Stefana Wyszy\u0144skiego zacie\u015bnia wsp\u00f3\u0142prac\u0119 z Uniwersytetem Medycznym w Lublinie"},"content":{"rendered":"<p><strong>O telemedycynie oraz wsp\u00f3\u0142pracy Uniwersytetu Kardyna\u0142a Stefana Wyszy\u0144skiego (UKSW) w Warszawie z Uniwersytetem Medycznym w Lublinie m\u00f3wi\u0142 w programie \u201eTo nas dotyczy\u201d emitowanym na antenie lubelskiego oddzia\u0142u Telewizji Polskiej ks. prof. Stanis\u0142aw Dzieko\u0144ski, rektor UKSW.<\/strong><\/p>\n<p>Rozw\u00f3j cywilizacyjny jest nieunikniony a zmiany, kt\u00f3re nam przynosi cywilizacja mog\u0105 by\u0107 wykorzystane przez tych, kt\u00f3rzy lecz\u0105 \u2013 powiedzia\u0142 ks. prof. Dzieko\u0144ski.<\/p>\n<p>O wsp\u00f3\u0142pracy mi\u0119dzy UKSW a Uniwersytetem Medycznym w Lublinie ks. profesor Stanis\u0142aw Dzieko\u0144ski m\u00f3wi\u0142, \u017ce jest ona realizowana na wielu poziomach.<\/p>\n<p>Ma przej\u015b\u0107 tak\u017ce w obszar bada\u0144. Chcemy z Uniwersytetem Medycznym stworzy\u0107 now\u0105 jako\u015b\u0107, kt\u00f3ra odci\u0105\u017cy finansowo system opieki medycznej w Polsce a jednocze\u015bnie zbli\u017cy lekarzy do pacjent\u00f3w \u2013 stwierdzi\u0142 rektor UKSW.<\/p>\n<p>jp<\/p>\n","protected":false},"excerpt":{"rendered":"<p>O telemedycynie oraz wsp\u00f3\u0142pracy Uniwersytetu Kardyna\u0142a Stefana Wyszy\u0144skiego (UKSW) w Warszawie z Uniwersytetem Medycznym w Lublinie m\u00f3wi\u0142 w programie \u201eTo nas dotyczy\u201d emitowanym na antenie lubelskiego oddzia\u0142u Telewizji Polskiej ks. prof. Stanis\u0142aw Dzieko\u0144ski, rektor UKSW. Rozw\u00f3j cywilizacyjny jest nieunikniony a zmiany, kt\u00f3re nam przynosi cywilizacja mog\u0105 by\u0107 wykorzystane przez tych, kt\u00f3rzy lecz\u0105 \u2013 powiedzia\u0142 ks. [&hellip;]<\/p>\n","protected":false},"author":6,"featured_media":0,"comment_status":"closed","ping_status":"closed","sticky":false,"template":"","format":"standard","meta":[],"categories":[21],"tags":[],"_links":{"self":[{"href":"https:\/\/www.polishscience.pl\/pl\/wp-json\/wp\/v2\/posts\/104397"}],"collection":[{"href":"https:\/\/www.polishscience.pl\/pl\/wp-json\/wp\/v2\/posts"}],"about":[{"href":"https:\/\/www.polishscience.pl\/pl\/wp-json\/wp\/v2\/types\/post"}],"author":[{"embeddable":true,"href":"https:\/\/www.polishscience.pl\/pl\/wp-json\/wp\/v2\/users\/6"}],"replies":[{"embeddable":true,"href":"https:\/\/www.polishscience.pl\/pl\/wp-json\/wp\/v2\/comments?post=104397"}],"version-history":[{"count":0,"href":"https:\/\/www.polishscience.pl\/pl\/wp-json\/wp\/v2\/posts\/104397\/revisions"}],"wp:attachment":[{"href":"https:\/\/www.polishscience.pl\/pl\/wp-json\/wp\/v2\/media?parent=104397"}],"wp:term":[{"taxonomy":"category","embeddable":true,"href":"https:\/\/www.polishscience.pl\/pl\/wp-json\/wp\/v2\/categories?post=104397"},{"taxonomy":"post_tag","embeddable":true,"href":"https:\/\/www.polishscience.pl\/pl\/wp-json\/wp\/v2\/tags?post=104397"}],"curies":[{"name":"wp","href":"https:\/\/api.w.org\/{rel}","templated":true}]}}