{"id":103996,"date":"2019-11-27T10:57:41","date_gmt":"2019-11-27T09:57:41","guid":{"rendered":"http:\/\/polishscience.pl\/?p=103996"},"modified":"2019-11-27T11:30:14","modified_gmt":"2019-11-27T10:30:14","slug":"wspolpraca-akademii-pedagogiki-specjalnej-i-mazowieckiej-uczelni-publicznej-w-plocku","status":"publish","type":"post","link":"https:\/\/www.polishscience.pl\/pl\/wspolpraca-akademii-pedagogiki-specjalnej-i-mazowieckiej-uczelni-publicznej-w-plocku\/","title":{"rendered":"Wsp\u00f3\u0142praca Akademii Pedagogiki Specjalnej i Mazowieckiej Uczelni Publicznej w P\u0142ocku"},"content":{"rendered":"<p><strong>Akademia Pedagogiki Specjalnej im. Marii Grzegorzewskiej w Warszawie oraz Mazowiecka Uczelnia Publiczna w P\u0142ocku podpisa\u0142y umow\u0119 o wsp\u00f3\u0142pracy w zakresie realizacji przedsi\u0119wzi\u0119\u0107 naukowych i badawczo-rozwojowych.<\/strong><\/p>\n<p>Umowa o wsp\u00f3\u0142pracy dotyczy mi\u0119dzy innymi: wsp\u00f3lnej realizacji przedsi\u0119wzi\u0119\u0107 edukacyjnych, naukowych i badawczo-rozwojowych; wsp\u00f3\u0142pracy w zakresie kszta\u0142cenia kadr i podnoszenia kompetencji doktorant\u00f3w i pracownik\u00f3w badawczo-dydaktycznych i dydaktycznych, wsp\u00f3\u0142pracy w zakresie uzyskiwania awans\u00f3w naukowych, organizacji studi\u00f3w podyplomowych i szkole\u0144, a tak\u017ce praktyk zawodowych, wsp\u00f3lnej organizacji tematycznych konferencji i seminari\u00f3w oraz publikacji artyku\u0142\u00f3w i monografii naukowych.<\/p>\n<p>To porozumienie jest dla nas szczeg\u00f3lnie wa\u017cne w kontek\u015bcie naszych przygotowa\u0144 do parametryzacji w dyscyplinie pedagogika. Mamy r\u00f3wnie\u017c nadziej\u0119, \u017ce b\u0119dzie wsparciem dla naszych pracownik\u00f3w staraj\u0105cych si\u0119 o uzyskanie stopni naukowych \u2013 powiedzia\u0142 prof. Maciej S\u0142odki, rektor Mazowieckiej Uczelni Publicznej.<\/p>\n<p>jp<\/p>\n","protected":false},"excerpt":{"rendered":"<p>Akademia Pedagogiki Specjalnej im. Marii Grzegorzewskiej w Warszawie oraz Mazowiecka Uczelnia Publiczna w P\u0142ocku podpisa\u0142y umow\u0119 o wsp\u00f3\u0142pracy w zakresie realizacji przedsi\u0119wzi\u0119\u0107 naukowych i badawczo-rozwojowych. Umowa o wsp\u00f3\u0142pracy dotyczy mi\u0119dzy innymi: wsp\u00f3lnej realizacji przedsi\u0119wzi\u0119\u0107 edukacyjnych, naukowych i badawczo-rozwojowych; wsp\u00f3\u0142pracy w zakresie kszta\u0142cenia kadr i podnoszenia kompetencji doktorant\u00f3w i pracownik\u00f3w badawczo-dydaktycznych i dydaktycznych, wsp\u00f3\u0142pracy w zakresie [&hellip;]<\/p>\n","protected":false},"author":6,"featured_media":0,"comment_status":"closed","ping_status":"closed","sticky":false,"template":"","format":"standard","meta":[],"categories":[21],"tags":[],"_links":{"self":[{"href":"https:\/\/www.polishscience.pl\/pl\/wp-json\/wp\/v2\/posts\/103996"}],"collection":[{"href":"https:\/\/www.polishscience.pl\/pl\/wp-json\/wp\/v2\/posts"}],"about":[{"href":"https:\/\/www.polishscience.pl\/pl\/wp-json\/wp\/v2\/types\/post"}],"author":[{"embeddable":true,"href":"https:\/\/www.polishscience.pl\/pl\/wp-json\/wp\/v2\/users\/6"}],"replies":[{"embeddable":true,"href":"https:\/\/www.polishscience.pl\/pl\/wp-json\/wp\/v2\/comments?post=103996"}],"version-history":[{"count":0,"href":"https:\/\/www.polishscience.pl\/pl\/wp-json\/wp\/v2\/posts\/103996\/revisions"}],"wp:attachment":[{"href":"https:\/\/www.polishscience.pl\/pl\/wp-json\/wp\/v2\/media?parent=103996"}],"wp:term":[{"taxonomy":"category","embeddable":true,"href":"https:\/\/www.polishscience.pl\/pl\/wp-json\/wp\/v2\/categories?post=103996"},{"taxonomy":"post_tag","embeddable":true,"href":"https:\/\/www.polishscience.pl\/pl\/wp-json\/wp\/v2\/tags?post=103996"}],"curies":[{"name":"wp","href":"https:\/\/api.w.org\/{rel}","templated":true}]}}