{"id":103993,"date":"2019-11-27T10:01:01","date_gmt":"2019-11-27T09:01:01","guid":{"rendered":"http:\/\/polishscience.pl\/?p=103993"},"modified":"2019-11-27T10:01:01","modified_gmt":"2019-11-27T09:01:01","slug":"wizyta-dunskiej-pary-ksiazecej-na-uniwersytecie-warszawskim","status":"publish","type":"post","link":"https:\/\/www.polishscience.pl\/pl\/wizyta-dunskiej-pary-ksiazecej-na-uniwersytecie-warszawskim\/","title":{"rendered":"Wizyta du\u0144skiej pary ksi\u0105\u017c\u0119cej na Uniwersytecie Warszawskim"},"content":{"rendered":"<p><strong>W dniach 25-26 listopada na Uniwersytecie Warszawskim (UW) odby\u0142a si\u0119 konferencja z okazji 100. rocznicy ponownego nawi\u0105zania polsko-du\u0144skich stosunk\u00f3w dyplomatycznych. Z tej okazji uczelni\u0119 odwiedzi\u0142 nast\u0119pca tronu Danii, ksi\u0105\u017c\u0119 Fryderyk wraz z ksi\u0119\u017cn\u0105 Mari\u0105.<\/strong><\/p>\n<p>Jak informuje UW, ksi\u0105\u017c\u0119 Fryderyk wzi\u0105\u0142 udzia\u0142 w uroczystym otwarciu konferencji po\u015bwi\u0119conej relacjom mi\u0119dzy pa\u0144stwami. Inauguruj\u0105c konferencj\u0119, rektor UW prof. Marcin Pa\u0142ys m\u00f3wi\u0142 o wsp\u00f3\u0142pracy naukowej \u0142\u0105cz\u0105cej UW i du\u0144skie uniwersytety, r\u00f3wnie\u017c o tej, kt\u00f3ra staje si\u0119 mo\u017cliwa dzi\u0119ki Sojuszowi 4EU+.<\/p>\n<p>Wielkie nadzieje pok\u0142adamy w Sojuszu 4EU+, kt\u00f3ry decyzj\u0105 Komisji Europejskiej w czerwcu tego roku uzyska\u0142 status Uniwersytetu Europejskiego. Sojusz ten \u0142\u0105czy sze\u015b\u0107 uczelni badawczych z r\u00f3\u017cnych kraj\u00f3w, w tym Uniwersytet Warszawski i Uniwersytet w Kopenhadze \u2013 powiedzia\u0142 rektor.<\/p>\n<p>jp<\/p>\n","protected":false},"excerpt":{"rendered":"<p>W dniach 25-26 listopada na Uniwersytecie Warszawskim (UW) odby\u0142a si\u0119 konferencja z okazji 100. rocznicy ponownego nawi\u0105zania polsko-du\u0144skich stosunk\u00f3w dyplomatycznych. Z tej okazji uczelni\u0119 odwiedzi\u0142 nast\u0119pca tronu Danii, ksi\u0105\u017c\u0119 Fryderyk wraz z ksi\u0119\u017cn\u0105 Mari\u0105. Jak informuje UW, ksi\u0105\u017c\u0119 Fryderyk wzi\u0105\u0142 udzia\u0142 w uroczystym otwarciu konferencji po\u015bwi\u0119conej relacjom mi\u0119dzy pa\u0144stwami. Inauguruj\u0105c konferencj\u0119, rektor UW prof. Marcin [&hellip;]<\/p>\n","protected":false},"author":6,"featured_media":0,"comment_status":"closed","ping_status":"closed","sticky":false,"template":"","format":"standard","meta":[],"categories":[21,22],"tags":[],"_links":{"self":[{"href":"https:\/\/www.polishscience.pl\/pl\/wp-json\/wp\/v2\/posts\/103993"}],"collection":[{"href":"https:\/\/www.polishscience.pl\/pl\/wp-json\/wp\/v2\/posts"}],"about":[{"href":"https:\/\/www.polishscience.pl\/pl\/wp-json\/wp\/v2\/types\/post"}],"author":[{"embeddable":true,"href":"https:\/\/www.polishscience.pl\/pl\/wp-json\/wp\/v2\/users\/6"}],"replies":[{"embeddable":true,"href":"https:\/\/www.polishscience.pl\/pl\/wp-json\/wp\/v2\/comments?post=103993"}],"version-history":[{"count":0,"href":"https:\/\/www.polishscience.pl\/pl\/wp-json\/wp\/v2\/posts\/103993\/revisions"}],"wp:attachment":[{"href":"https:\/\/www.polishscience.pl\/pl\/wp-json\/wp\/v2\/media?parent=103993"}],"wp:term":[{"taxonomy":"category","embeddable":true,"href":"https:\/\/www.polishscience.pl\/pl\/wp-json\/wp\/v2\/categories?post=103993"},{"taxonomy":"post_tag","embeddable":true,"href":"https:\/\/www.polishscience.pl\/pl\/wp-json\/wp\/v2\/tags?post=103993"}],"curies":[{"name":"wp","href":"https:\/\/api.w.org\/{rel}","templated":true}]}}