{"id":103086,"date":"2019-11-21T16:08:00","date_gmt":"2019-11-21T15:08:00","guid":{"rendered":"http:\/\/polishscience.pl\/?p=103086"},"modified":"2019-11-21T16:14:05","modified_gmt":"2019-11-21T15:14:05","slug":"projekt-mobilnosc-w-szkolnictwie-wyzszym-na-uniwersytecie-gdanskim","status":"publish","type":"post","link":"https:\/\/www.polishscience.pl\/pl\/projekt-mobilnosc-w-szkolnictwie-wyzszym-na-uniwersytecie-gdanskim\/","title":{"rendered":"Projekt \u201cMobilno\u015b\u0107 w szkolnictwie wy\u017cszym\u201d na Uniwersytecie Gda\u0144skim"},"content":{"rendered":"<p><strong>Uniwersytet Gda\u0144ski zrealizuje projekt \u201cMobilno\u015b\u0107 w szkolnictwie wy\u017cszym\u201d dofinansowany z Mechanizmu Finansowego Europejskiego Obszaru Gospodarczego na lata 2014-2021 w ramach Programu Edukacja \u2013 informuje uczelnia.<\/strong><\/p>\n<p>Celem Programu jest zmniejszanie r\u00f3\u017cnic ekonomicznych i spo\u0142ecznych w obr\u0119bie Europejskiego Obszaru Gospodarczego oraz wzmacnianie stosunk\u00f3w pomi\u0119dzy Polsk\u0105 a Pa\u0144stwami-Darczy\u0144cami (Islandia, Liechtenstein, Norwegia) w obszarze edukacji.<\/p>\n<p>Projekt ma na celu zwi\u0119kszenie mobilno\u015bci student\u00f3w i pracownik\u00f3w uczelni pomi\u0119dzy Polsk\u0105 a Pa\u0144stwami-Darczy\u0144cami. Obejmuje mobilno\u015b\u0107 nauczycieli akademickich w celu prowadzenia zaj\u0119\u0107 dydaktycznych i mobilno\u015b\u0107 pracownik\u00f3w w celu realizacji wyjazd\u00f3w typu \u201ejob shadowing\u201d, udzia\u0142u w seminariach, szkoleniach, warsztatach i konferencjach doskonal\u0105cych umiej\u0119tno\u015bci i poszerzaj\u0105cych wiedz\u0119.<\/p>\n<p>Dzi\u0119ki dofinansowaniu b\u0119d\u0105 tak\u017ce mo\u017cliwe wyjazdy student\u00f3w na praktyki do instytucji wsp\u00f3\u0142pracuj\u0105cych na okres od 2 do 12 miesi\u0119cy w jednym roku akademickim.<\/p>\n<p>&nbsp;<\/p>\n<p>jsz<\/p>\n","protected":false},"excerpt":{"rendered":"<p>Uniwersytet Gda\u0144ski zrealizuje projekt \u201cMobilno\u015b\u0107 w szkolnictwie wy\u017cszym\u201d dofinansowany z Mechanizmu Finansowego Europejskiego Obszaru Gospodarczego na lata 2014-2021 w ramach Programu Edukacja \u2013 informuje uczelnia. Celem Programu jest zmniejszanie r\u00f3\u017cnic ekonomicznych i spo\u0142ecznych w obr\u0119bie Europejskiego Obszaru Gospodarczego oraz wzmacnianie stosunk\u00f3w pomi\u0119dzy Polsk\u0105 a Pa\u0144stwami-Darczy\u0144cami (Islandia, Liechtenstein, Norwegia) w obszarze edukacji. Projekt ma na celu [&hellip;]<\/p>\n","protected":false},"author":6,"featured_media":0,"comment_status":"closed","ping_status":"closed","sticky":false,"template":"","format":"standard","meta":[],"categories":[21],"tags":[],"_links":{"self":[{"href":"https:\/\/www.polishscience.pl\/pl\/wp-json\/wp\/v2\/posts\/103086"}],"collection":[{"href":"https:\/\/www.polishscience.pl\/pl\/wp-json\/wp\/v2\/posts"}],"about":[{"href":"https:\/\/www.polishscience.pl\/pl\/wp-json\/wp\/v2\/types\/post"}],"author":[{"embeddable":true,"href":"https:\/\/www.polishscience.pl\/pl\/wp-json\/wp\/v2\/users\/6"}],"replies":[{"embeddable":true,"href":"https:\/\/www.polishscience.pl\/pl\/wp-json\/wp\/v2\/comments?post=103086"}],"version-history":[{"count":0,"href":"https:\/\/www.polishscience.pl\/pl\/wp-json\/wp\/v2\/posts\/103086\/revisions"}],"wp:attachment":[{"href":"https:\/\/www.polishscience.pl\/pl\/wp-json\/wp\/v2\/media?parent=103086"}],"wp:term":[{"taxonomy":"category","embeddable":true,"href":"https:\/\/www.polishscience.pl\/pl\/wp-json\/wp\/v2\/categories?post=103086"},{"taxonomy":"post_tag","embeddable":true,"href":"https:\/\/www.polishscience.pl\/pl\/wp-json\/wp\/v2\/tags?post=103086"}],"curies":[{"name":"wp","href":"https:\/\/api.w.org\/{rel}","templated":true}]}}