{"id":92782,"date":"2019-09-09T13:00:56","date_gmt":"2019-09-09T11:00:56","guid":{"rendered":"http:\/\/polishscience.pl\/?p=92782"},"modified":"2019-09-09T13:18:25","modified_gmt":"2019-09-09T11:18:25","slug":"le-veme-forum-polono-francais-de-la-science-et-de-linnovation","status":"publish","type":"post","link":"https:\/\/www.polishscience.pl\/fr\/le-veme-forum-polono-francais-de-la-science-et-de-linnovation\/","title":{"rendered":"Le V\u00e8me Forum polono-fran\u00e7ais de la science et de l&rsquo;innovation"},"content":{"rendered":"<p><strong>L&rsquo;Ambassade de France en Pologne et le Minist\u00e8re des Sciences et de l&rsquo;Enseignement sup\u00e9rieur invitent au V\u00e8me Forum franco-polonais pour la science et l&rsquo;innovation, qui se tiendra le 19 novembre 2019.<\/strong><\/p>\n<p>L&rsquo;objectif du Forum est de renforcer la coop\u00e9ration franco-polonaise dans le domaine de la recherche et de l&rsquo;innovation, y compris l&rsquo;\u00e9change bilat\u00e9ral de scientifiques PHC Polonium. Le th\u00e8me principal de l&rsquo;\u00e9v\u00e9nement sera la coop\u00e9ration des \u00e9quipes de recherche avec l&rsquo;industrie innovante et l&rsquo;\u00e9tablissement et le r\u00f4le des centres de recherche internationaux en Europe.<\/p>\n<p>Le Forum s&rsquo;adresse aux scientifiques, aux employ\u00e9s des universit\u00e9s et des instituts, aux fonctionnaires, aux innovateurs et aux \u00e9tudiants.<\/p>\n<p>Plus d&rsquo;informations :<br \/>\n<a href=\"https:\/\/www.institutfrancais.pl\/pl\/evs\/v-forum-nauki\">https:\/\/www.institutfrancais.pl\/pl\/evs\/v-forum-nauki<\/a><\/p>\n","protected":false},"excerpt":{"rendered":"<p>L&rsquo;Ambassade de France en Pologne et le Minist\u00e8re des Sciences et de l&rsquo;Enseignement sup\u00e9rieur invitent au V\u00e8me Forum franco-polonais pour la science et l&rsquo;innovation, qui se tiendra le 19 novembre 2019. L&rsquo;objectif du Forum est de renforcer la coop\u00e9ration franco-polonaise dans le domaine de la recherche et de l&rsquo;innovation, y compris l&rsquo;\u00e9change bilat\u00e9ral de scientifiques [&hellip;]<\/p>\n","protected":false},"author":11,"featured_media":0,"comment_status":"closed","ping_status":"closed","sticky":false,"template":"","format":"standard","meta":[],"categories":[41,36],"tags":[],"_links":{"self":[{"href":"https:\/\/www.polishscience.pl\/fr\/wp-json\/wp\/v2\/posts\/92782"}],"collection":[{"href":"https:\/\/www.polishscience.pl\/fr\/wp-json\/wp\/v2\/posts"}],"about":[{"href":"https:\/\/www.polishscience.pl\/fr\/wp-json\/wp\/v2\/types\/post"}],"author":[{"embeddable":true,"href":"https:\/\/www.polishscience.pl\/fr\/wp-json\/wp\/v2\/users\/11"}],"replies":[{"embeddable":true,"href":"https:\/\/www.polishscience.pl\/fr\/wp-json\/wp\/v2\/comments?post=92782"}],"version-history":[{"count":0,"href":"https:\/\/www.polishscience.pl\/fr\/wp-json\/wp\/v2\/posts\/92782\/revisions"}],"wp:attachment":[{"href":"https:\/\/www.polishscience.pl\/fr\/wp-json\/wp\/v2\/media?parent=92782"}],"wp:term":[{"taxonomy":"category","embeddable":true,"href":"https:\/\/www.polishscience.pl\/fr\/wp-json\/wp\/v2\/categories?post=92782"},{"taxonomy":"post_tag","embeddable":true,"href":"https:\/\/www.polishscience.pl\/fr\/wp-json\/wp\/v2\/tags?post=92782"}],"curies":[{"name":"wp","href":"https:\/\/api.w.org\/{rel}","templated":true}]}}