{"id":92316,"date":"2019-09-05T15:45:34","date_gmt":"2019-09-05T13:45:34","guid":{"rendered":"http:\/\/polishscience.pl\/?p=92316"},"modified":"2019-09-05T15:45:34","modified_gmt":"2019-09-05T13:45:34","slug":"la-visite-du-commissaire-europeen-charge-du-budget-et-des-ressources-humaines-en-pologne","status":"publish","type":"post","link":"https:\/\/www.polishscience.pl\/fr\/la-visite-du-commissaire-europeen-charge-du-budget-et-des-ressources-humaines-en-pologne\/","title":{"rendered":"La visite du Commissaire europ\u00e9en charg\u00e9 du budget et des ressources humaines en Pologne"},"content":{"rendered":"<p><strong>Les orientations du soutien \u00e0 la recherche et \u00e0 la science dans les ann\u00e9es 2021-2027, le cadre financier pluriannuel, le renforcement de la comp\u00e9titivit\u00e9 de l&rsquo;Europe sur le march\u00e9 mondial et le renforcement de la capacit\u00e9 d&rsquo;innovation de l&rsquo;\u00e9conomie &#8211; tels sont les principaux th\u00e8mes abord\u00e9s lors de la visite du commissaire europ\u00e9en G\u00fcnther Oettinger, informe le minist\u00e8re des Sciences.<\/strong><\/p>\n<p>Les rencontres avec le commissaire europ\u00e9en charg\u00e9 du budget et des ressources humaines se sont d\u00e9roul\u00e9es en pr\u00e9sence de Jaros\u0142aw Gowin, ministre de la science et de l&rsquo;enseignement sup\u00e9rieur, Jadwiga Emilewicz, ministre de l&rsquo;entreprise et de la technologie, Wojciech Maksymowicz, sous-secr\u00e9taire d&rsquo;\u00c9tat au minist\u00e8re des sciences et de l&rsquo;enseignement sup\u00e9rieur, Piotr Dardzi\u0144ski, pr\u00e9sident du Reseau de recherche \u0141ukasiewicz, et Andrzej Sado\u015b, ambassadeur.<\/p>\n","protected":false},"excerpt":{"rendered":"<p>Les orientations du soutien \u00e0 la recherche et \u00e0 la science dans les ann\u00e9es 2021-2027, le cadre financier pluriannuel, le renforcement de la comp\u00e9titivit\u00e9 de l&rsquo;Europe sur le march\u00e9 mondial et le renforcement de la capacit\u00e9 d&rsquo;innovation de l&rsquo;\u00e9conomie &#8211; tels sont les principaux th\u00e8mes abord\u00e9s lors de la visite du commissaire europ\u00e9en G\u00fcnther Oettinger, [&hellip;]<\/p>\n","protected":false},"author":11,"featured_media":0,"comment_status":"closed","ping_status":"closed","sticky":false,"template":"","format":"standard","meta":[],"categories":[40,41],"tags":[],"_links":{"self":[{"href":"https:\/\/www.polishscience.pl\/fr\/wp-json\/wp\/v2\/posts\/92316"}],"collection":[{"href":"https:\/\/www.polishscience.pl\/fr\/wp-json\/wp\/v2\/posts"}],"about":[{"href":"https:\/\/www.polishscience.pl\/fr\/wp-json\/wp\/v2\/types\/post"}],"author":[{"embeddable":true,"href":"https:\/\/www.polishscience.pl\/fr\/wp-json\/wp\/v2\/users\/11"}],"replies":[{"embeddable":true,"href":"https:\/\/www.polishscience.pl\/fr\/wp-json\/wp\/v2\/comments?post=92316"}],"version-history":[{"count":0,"href":"https:\/\/www.polishscience.pl\/fr\/wp-json\/wp\/v2\/posts\/92316\/revisions"}],"wp:attachment":[{"href":"https:\/\/www.polishscience.pl\/fr\/wp-json\/wp\/v2\/media?parent=92316"}],"wp:term":[{"taxonomy":"category","embeddable":true,"href":"https:\/\/www.polishscience.pl\/fr\/wp-json\/wp\/v2\/categories?post=92316"},{"taxonomy":"post_tag","embeddable":true,"href":"https:\/\/www.polishscience.pl\/fr\/wp-json\/wp\/v2\/tags?post=92316"}],"curies":[{"name":"wp","href":"https:\/\/api.w.org\/{rel}","templated":true}]}}