{"id":92314,"date":"2019-09-05T14:52:44","date_gmt":"2019-09-05T12:52:44","guid":{"rendered":"http:\/\/polishscience.pl\/?p=92314"},"modified":"2019-09-05T14:52:44","modified_gmt":"2019-09-05T12:52:44","slug":"la-conference-a-la-frontiere-des-cultures-et-des-nations-societe-economie-culture-a-sanok","status":"publish","type":"post","link":"https:\/\/www.polishscience.pl\/fr\/la-conference-a-la-frontiere-des-cultures-et-des-nations-societe-economie-culture-a-sanok\/","title":{"rendered":"La conf\u00e9rence \u00ab\u00a0A la fronti\u00e8re des cultures et des nations. Soci\u00e9t\u00e9 &#8211; Economie \u2013 Culture \u00e0 Sanok"},"content":{"rendered":"<p><strong>L&rsquo;Ecole Professionnelle Sup\u00e9rieure publique (PWSZ) organise la VII\u00e8me Conf\u00e9rence Scientifique Internationale intitul\u00e9e \u00ab\u00a0A la fronti\u00e8re des cultures et des nations\u00a0\u00bb. Soci\u00e9t\u00e9 &#8211; Economie \u2013 Culture\u00a0\u00bb \u00e0 Sanok du 12 au 14 septembre 2019.<\/strong><\/p>\n<p>La conf\u00e9rence vise \u00e0 la rencontre et le dialogue entre les chercheurs des questions historiques, sociales, culturelles et artistiques, en particulier dans le contexte des ph\u00e9nom\u00e8nes largement compris des r\u00e9gions frontali\u00e8res &#8211; informe l&rsquo;\u00c9cole professionnelle sup\u00e9rieure publique \u00e0 Sanok.<\/p>\n<p>Des chercheurs polonais et \u00e9trangers, int\u00e9ress\u00e9s par les probl\u00e8mes socio-\u00e9conomiques et culturels, participeront \u00e0 l&rsquo;\u00e9v\u00e9nement.<\/p>\n<p>Au cours de la conf\u00e9rence, les participants discuteront des sujets suivants : les moyens de d\u00e9terminer l&rsquo;identit\u00e9 d&rsquo;un groupe, d&rsquo;une communaut\u00e9, d&rsquo;un individu par rapport \u00e0 \u00ab\u00a0l&rsquo;autre\u00a0\u00bb et \u00e0 \u00ab\u00a0son\u00a0\u00bb autre &#8211; conflits ou tol\u00e9rance ; les relations sociales et culturelles aux fronti\u00e8res et \u00e0 la jonction des ethnies, religions, cultures, nations ; la diffusion des cultures aux fronti\u00e8res ; le syst\u00e8me des valeurs (et antivaleurs) des populations frontali\u00e8res ; le sens de l&rsquo;identit\u00e9 nationale et des minorit\u00e9s nationales aux fronti\u00e8res ; les transformations des cultures populaires \u00e0 ces fronti\u00e8res ; les artistes traditionnels \u00e0 la communaut\u00e9 locale ; les formes de religiosit\u00e9 : entre la continuit\u00e9 de la tradition et la s\u00e9cularisation ; les dilemmes \u00e9conomiques et sociaux des zones frontali\u00e8res ; le tourisme comme branche de l&rsquo;\u00e9conomie des r\u00e9gions frontali\u00e8res.<\/p>\n","protected":false},"excerpt":{"rendered":"<p>L&rsquo;Ecole Professionnelle Sup\u00e9rieure publique (PWSZ) organise la VII\u00e8me Conf\u00e9rence Scientifique Internationale intitul\u00e9e \u00ab\u00a0A la fronti\u00e8re des cultures et des nations\u00a0\u00bb. Soci\u00e9t\u00e9 &#8211; Economie \u2013 Culture\u00a0\u00bb \u00e0 Sanok du 12 au 14 septembre 2019. La conf\u00e9rence vise \u00e0 la rencontre et le dialogue entre les chercheurs des questions historiques, sociales, culturelles et artistiques, en particulier dans [&hellip;]<\/p>\n","protected":false},"author":11,"featured_media":0,"comment_status":"closed","ping_status":"closed","sticky":false,"template":"","format":"standard","meta":[],"categories":[41,37],"tags":[],"_links":{"self":[{"href":"https:\/\/www.polishscience.pl\/fr\/wp-json\/wp\/v2\/posts\/92314"}],"collection":[{"href":"https:\/\/www.polishscience.pl\/fr\/wp-json\/wp\/v2\/posts"}],"about":[{"href":"https:\/\/www.polishscience.pl\/fr\/wp-json\/wp\/v2\/types\/post"}],"author":[{"embeddable":true,"href":"https:\/\/www.polishscience.pl\/fr\/wp-json\/wp\/v2\/users\/11"}],"replies":[{"embeddable":true,"href":"https:\/\/www.polishscience.pl\/fr\/wp-json\/wp\/v2\/comments?post=92314"}],"version-history":[{"count":0,"href":"https:\/\/www.polishscience.pl\/fr\/wp-json\/wp\/v2\/posts\/92314\/revisions"}],"wp:attachment":[{"href":"https:\/\/www.polishscience.pl\/fr\/wp-json\/wp\/v2\/media?parent=92314"}],"wp:term":[{"taxonomy":"category","embeddable":true,"href":"https:\/\/www.polishscience.pl\/fr\/wp-json\/wp\/v2\/categories?post=92314"},{"taxonomy":"post_tag","embeddable":true,"href":"https:\/\/www.polishscience.pl\/fr\/wp-json\/wp\/v2\/tags?post=92314"}],"curies":[{"name":"wp","href":"https:\/\/api.w.org\/{rel}","templated":true}]}}