{"id":92085,"date":"2019-09-04T13:58:22","date_gmt":"2019-09-04T11:58:22","guid":{"rendered":"http:\/\/polishscience.pl\/?p=92085"},"modified":"2019-09-04T13:58:22","modified_gmt":"2019-09-04T11:58:22","slug":"la-10eme-conference-du-cycle-education-en-dialogue-et-en-perspective-a-augustow","status":"publish","type":"post","link":"https:\/\/www.polishscience.pl\/fr\/la-10eme-conference-du-cycle-education-en-dialogue-et-en-perspective-a-augustow\/","title":{"rendered":"La 10\u00e8me conf\u00e9rence du cycle Education en dialogue et en perspective \u00e0 August\u00f3w"},"content":{"rendered":"<p><strong>Pr\u00e8s de 100 scientifiques de centres de recherche de toute la Pologne discuteront \u00e0 August\u00f3w des changements dans l&rsquo;\u00e9ducation et des d\u00e9fis auxquels elle est confront\u00e9e. La 10e conf\u00e9rence de la s\u00e9rie \u00c9ducation en dialogue et perspectives se tiendra du 9 au 10 septembre 2019. Il est organis\u00e9 par le D\u00e9partement d&rsquo;enseignement g\u00e9n\u00e9ral de la Facult\u00e9 de P\u00e9dagogie et de Psychologie de l&rsquo;Universit\u00e9 de Bia\u0142ystok<\/strong><\/p>\n<p>Les scientifiques discuteront, entre autres, de l&rsquo;impact des changements sociaux et culturels sur l&rsquo;\u00e9ducation et les changements sur le march\u00e9 du travail &#8211; informe Katarzyna Dziedzik, porte-parole de l&rsquo;UwB.\u00a0 Le programme de la conf\u00e9rence comprend \u00e9galement des questions concernant la didactique acad\u00e9mique, la position et le r\u00f4le des enseignants et les nouvelles technologies utilis\u00e9es dans les \u00e9coles.<\/p>\n<p>Il est \u00e9galement pr\u00e9vu d&rsquo;organiser une s\u00e9ance pl\u00e9ni\u00e8re solennelle consacr\u00e9e au 90e anniversaire du professeur Jerzy Niemiec, initiateur, cr\u00e9ateur et invit\u00e9 d&rsquo;honneur des r\u00e9unions scientifiques d&rsquo;August\u00f3w.<\/p>\n","protected":false},"excerpt":{"rendered":"<p>Pr\u00e8s de 100 scientifiques de centres de recherche de toute la Pologne discuteront \u00e0 August\u00f3w des changements dans l&rsquo;\u00e9ducation et des d\u00e9fis auxquels elle est confront\u00e9e. La 10e conf\u00e9rence de la s\u00e9rie \u00c9ducation en dialogue et perspectives se tiendra du 9 au 10 septembre 2019. Il est organis\u00e9 par le D\u00e9partement d&rsquo;enseignement g\u00e9n\u00e9ral de la [&hellip;]<\/p>\n","protected":false},"author":11,"featured_media":0,"comment_status":"closed","ping_status":"closed","sticky":false,"template":"","format":"standard","meta":[],"categories":[41],"tags":[],"_links":{"self":[{"href":"https:\/\/www.polishscience.pl\/fr\/wp-json\/wp\/v2\/posts\/92085"}],"collection":[{"href":"https:\/\/www.polishscience.pl\/fr\/wp-json\/wp\/v2\/posts"}],"about":[{"href":"https:\/\/www.polishscience.pl\/fr\/wp-json\/wp\/v2\/types\/post"}],"author":[{"embeddable":true,"href":"https:\/\/www.polishscience.pl\/fr\/wp-json\/wp\/v2\/users\/11"}],"replies":[{"embeddable":true,"href":"https:\/\/www.polishscience.pl\/fr\/wp-json\/wp\/v2\/comments?post=92085"}],"version-history":[{"count":0,"href":"https:\/\/www.polishscience.pl\/fr\/wp-json\/wp\/v2\/posts\/92085\/revisions"}],"wp:attachment":[{"href":"https:\/\/www.polishscience.pl\/fr\/wp-json\/wp\/v2\/media?parent=92085"}],"wp:term":[{"taxonomy":"category","embeddable":true,"href":"https:\/\/www.polishscience.pl\/fr\/wp-json\/wp\/v2\/categories?post=92085"},{"taxonomy":"post_tag","embeddable":true,"href":"https:\/\/www.polishscience.pl\/fr\/wp-json\/wp\/v2\/tags?post=92085"}],"curies":[{"name":"wp","href":"https:\/\/api.w.org\/{rel}","templated":true}]}}