{"id":91679,"date":"2019-09-02T16:18:16","date_gmt":"2019-09-02T14:18:16","guid":{"rendered":"http:\/\/polishscience.pl\/?p=91679"},"modified":"2019-09-02T16:18:16","modified_gmt":"2019-09-02T14:18:16","slug":"la-conference-generale-du-consortium-europeen-pour-la-recherche-politique-en-septembre-a-wroclaw","status":"publish","type":"post","link":"https:\/\/www.polishscience.pl\/fr\/la-conference-generale-du-consortium-europeen-pour-la-recherche-politique-en-septembre-a-wroclaw\/","title":{"rendered":"La Conf\u00e9rence g\u00e9n\u00e9rale du Consortium europ\u00e9en pour la recherche politique en septembre \u00e0 Wroc\u0142aw"},"content":{"rendered":"<p><strong>L&rsquo;Institut de Sciences Politiques de l&rsquo;Universit\u00e9 de Wroc\u0142aw organise la prestigieuse Conf\u00e9rence G\u00e9n\u00e9rale du Consortium Europ\u00e9en pour la Recherche Politique (European Consortium for Political Research &#8211; ECPR) du 4 au 7 septembre, informe l&rsquo;universit\u00e9.<\/strong><\/p>\n<p>La conf\u00e9rence attire des scientifiques du monde entier, repr\u00e9sentant toutes les sous-disciplines. Le programme de l&rsquo;\u00e9v\u00e9nement est divis\u00e9 en sections de 3 \u00e0 8 panneaux. Les sections sont organis\u00e9es autour d&rsquo;un th\u00e8me commun et de questions de recherche. Une c\u00e9r\u00e9monie d&rsquo;ouverture et une conf\u00e9rence pl\u00e9ni\u00e8re auront lieu le 5 septembre au Forum National de Musique \u00e0 Wroc\u0142aw. La conf\u00e9rence sera donn\u00e9e par le professeur Grzegorz Ekiert de l&rsquo;Universit\u00e9 d&rsquo;Harvard.<\/p>\n<p>Cr\u00e9\u00e9 en 1970, le Consortium europ\u00e9en pour la recherche politique est une association scientifique ind\u00e9pendante qui regroupe 350 institutions membres d&rsquo;une cinquantaine de pays. La premi\u00e8re Conf\u00e9rence g\u00e9n\u00e9rale de l&rsquo;ECPR s&rsquo;est tenue \u00e0 Canterbury, au Royaume-Uni, en 2001.<\/p>\n","protected":false},"excerpt":{"rendered":"<p>L&rsquo;Institut de Sciences Politiques de l&rsquo;Universit\u00e9 de Wroc\u0142aw organise la prestigieuse Conf\u00e9rence G\u00e9n\u00e9rale du Consortium Europ\u00e9en pour la Recherche Politique (European Consortium for Political Research &#8211; ECPR) du 4 au 7 septembre, informe l&rsquo;universit\u00e9. La conf\u00e9rence attire des scientifiques du monde entier, repr\u00e9sentant toutes les sous-disciplines. Le programme de l&rsquo;\u00e9v\u00e9nement est divis\u00e9 en sections de [&hellip;]<\/p>\n","protected":false},"author":11,"featured_media":0,"comment_status":"closed","ping_status":"closed","sticky":false,"template":"","format":"standard","meta":[],"categories":[41],"tags":[],"_links":{"self":[{"href":"https:\/\/www.polishscience.pl\/fr\/wp-json\/wp\/v2\/posts\/91679"}],"collection":[{"href":"https:\/\/www.polishscience.pl\/fr\/wp-json\/wp\/v2\/posts"}],"about":[{"href":"https:\/\/www.polishscience.pl\/fr\/wp-json\/wp\/v2\/types\/post"}],"author":[{"embeddable":true,"href":"https:\/\/www.polishscience.pl\/fr\/wp-json\/wp\/v2\/users\/11"}],"replies":[{"embeddable":true,"href":"https:\/\/www.polishscience.pl\/fr\/wp-json\/wp\/v2\/comments?post=91679"}],"version-history":[{"count":0,"href":"https:\/\/www.polishscience.pl\/fr\/wp-json\/wp\/v2\/posts\/91679\/revisions"}],"wp:attachment":[{"href":"https:\/\/www.polishscience.pl\/fr\/wp-json\/wp\/v2\/media?parent=91679"}],"wp:term":[{"taxonomy":"category","embeddable":true,"href":"https:\/\/www.polishscience.pl\/fr\/wp-json\/wp\/v2\/categories?post=91679"},{"taxonomy":"post_tag","embeddable":true,"href":"https:\/\/www.polishscience.pl\/fr\/wp-json\/wp\/v2\/tags?post=91679"}],"curies":[{"name":"wp","href":"https:\/\/api.w.org\/{rel}","templated":true}]}}