{"id":91673,"date":"2019-09-02T14:03:37","date_gmt":"2019-09-02T12:03:37","guid":{"rendered":"http:\/\/polishscience.pl\/?p=91673"},"modified":"2019-09-02T14:03:37","modified_gmt":"2019-09-02T12:03:37","slug":"le-39e-congres-de-lassociation-polonaise-dastronomie-a-olsztyn","status":"publish","type":"post","link":"https:\/\/www.polishscience.pl\/fr\/le-39e-congres-de-lassociation-polonaise-dastronomie-a-olsztyn\/","title":{"rendered":"Le 39e Congr\u00e8s de l&rsquo;Association Polonaise d&rsquo;Astronomie \u00e0 Olsztyn"},"content":{"rendered":"<p><strong>Le 39e Congr\u00e8s de l&rsquo;Association Polonaise d&rsquo;Astronomie (PTA) se tiendra du 9 au 12 septembre 2019 \u00e0 l&rsquo;Universit\u00e9 de Varmie et Mazurie (UWM) \u00e0 Olsztyn.<\/strong><\/p>\n<p>La Congr\u00e8s est organis\u00e9 par le Centre de radiodiagnostic de l&rsquo;environnement spatial de l&rsquo;Universit\u00e9 de Varsovie et l&rsquo;Association Polonaise d&rsquo;Astronomie en coop\u00e9ration avec le Plan\u00e9tarium d&rsquo;Olsztyn et l&rsquo;Observatoire astronomique. Le ministre de la Science et de l&rsquo;Enseignement sup\u00e9rieur a assur\u00e9 le patronage d&rsquo;honneur de la convention,<\/p>\n<p>Comme l&rsquo;UWM l&rsquo;informe, l&rsquo;ordre du jour comprend 8 sessions scientifiques. Parmi les orateurs figureront des laur\u00e9ats du Prix des jeunes de l&rsquo;Acad\u00e9mie polonaise des sciences, du Prix Zonn W\u0142odzimierz pour la vulgarisation des connaissances sur l&rsquo;Univers et de la M\u00e9daille Bohdan Paczy\u0144ski, la plus haute distinction d\u00e9cern\u00e9e par l&rsquo;Association Polonaise d&rsquo;Astronomie pour des r\u00e9alisations exceptionnelles en astronomie et astrophysique.<\/p>\n","protected":false},"excerpt":{"rendered":"<p>Le 39e Congr\u00e8s de l&rsquo;Association Polonaise d&rsquo;Astronomie (PTA) se tiendra du 9 au 12 septembre 2019 \u00e0 l&rsquo;Universit\u00e9 de Varmie et Mazurie (UWM) \u00e0 Olsztyn. La Congr\u00e8s est organis\u00e9 par le Centre de radiodiagnostic de l&rsquo;environnement spatial de l&rsquo;Universit\u00e9 de Varsovie et l&rsquo;Association Polonaise d&rsquo;Astronomie en coop\u00e9ration avec le Plan\u00e9tarium d&rsquo;Olsztyn et l&rsquo;Observatoire astronomique. Le [&hellip;]<\/p>\n","protected":false},"author":11,"featured_media":0,"comment_status":"closed","ping_status":"closed","sticky":false,"template":"","format":"standard","meta":[],"categories":[41],"tags":[],"_links":{"self":[{"href":"https:\/\/www.polishscience.pl\/fr\/wp-json\/wp\/v2\/posts\/91673"}],"collection":[{"href":"https:\/\/www.polishscience.pl\/fr\/wp-json\/wp\/v2\/posts"}],"about":[{"href":"https:\/\/www.polishscience.pl\/fr\/wp-json\/wp\/v2\/types\/post"}],"author":[{"embeddable":true,"href":"https:\/\/www.polishscience.pl\/fr\/wp-json\/wp\/v2\/users\/11"}],"replies":[{"embeddable":true,"href":"https:\/\/www.polishscience.pl\/fr\/wp-json\/wp\/v2\/comments?post=91673"}],"version-history":[{"count":0,"href":"https:\/\/www.polishscience.pl\/fr\/wp-json\/wp\/v2\/posts\/91673\/revisions"}],"wp:attachment":[{"href":"https:\/\/www.polishscience.pl\/fr\/wp-json\/wp\/v2\/media?parent=91673"}],"wp:term":[{"taxonomy":"category","embeddable":true,"href":"https:\/\/www.polishscience.pl\/fr\/wp-json\/wp\/v2\/categories?post=91673"},{"taxonomy":"post_tag","embeddable":true,"href":"https:\/\/www.polishscience.pl\/fr\/wp-json\/wp\/v2\/tags?post=91673"}],"curies":[{"name":"wp","href":"https:\/\/api.w.org\/{rel}","templated":true}]}}