{"id":91507,"date":"2019-08-30T15:00:24","date_gmt":"2019-08-30T13:00:24","guid":{"rendered":"http:\/\/polishscience.pl\/?p=91507"},"modified":"2019-08-30T15:43:38","modified_gmt":"2019-08-30T13:43:38","slug":"le-congres-des-doyens-de-la-faculte-de-droit-des-ecoles-publiques-de-luniversite-de-zielona-gora","status":"publish","type":"post","link":"https:\/\/www.polishscience.pl\/fr\/le-congres-des-doyens-de-la-faculte-de-droit-des-ecoles-publiques-de-luniversite-de-zielona-gora\/","title":{"rendered":"Le Congr\u00e8s des doyens de la Facult\u00e9 de droit des \u00e9coles publiques de l&rsquo;Universit\u00e9 de Zielona G\u00f3ra"},"content":{"rendered":"<p><strong>La Facult\u00e9 de droit et d&rsquo;administration de l&rsquo;Universit\u00e9 de Zielona G\u00f3ra accueillera le Congr\u00e8s des doyens de la Facult\u00e9 de droit des universit\u00e9s publiques du 4 au 6 septembre. La rencontre sera accompagn\u00e9e d&rsquo;une conf\u00e9rence scientifique intitul\u00e9e \u00ab\u00a0la science et l\u2019enseignement du droit \u00e0 la lumi\u00e8re du Droit 2.0 : les premi\u00e8res exp\u00e9riences et perspectives\u00a0\u00bb.<\/strong><\/p>\n<p>Le choix du th\u00e8me de la conf\u00e9rence a \u00e9t\u00e9 dict\u00e9 par le besoin urgent d&rsquo;\u00e9changer des points de vue et des exp\u00e9riences et de discuter des effets de nouvelles solutions parce que les dispositions de la soi-disant Constitution pour la science sont une nouveaut\u00e9 pour toute la communaut\u00e9 universitaire, y compris les avocats repr\u00e9sentant les sciences juridiques et la formation des jeunes avocats &#8211; informe l&rsquo;universit\u00e9.<\/p>\n<p>Les discours d&rsquo;ouverture du d\u00e9bat seront prononc\u00e9s par d&rsquo;\u00e9minents membres des organes cr\u00e9\u00e9s en vertu de la nouvelle loi &#8211; le Conseil de l&rsquo;excellence scientifique et le Comit\u00e9 pour l&rsquo;\u00e9valuation des unit\u00e9s scientifiques. Il est \u00e9galement pr\u00e9vu d&rsquo;\u00e9valuer les effets pratiques de la r\u00e9forme de l&rsquo;enseignement sup\u00e9rieur et son impact sur chacun des centres de recherche repr\u00e9sent\u00e9s au Congr\u00e8s.<\/p>\n<p>Pour en savoir plus : http:\/\/www.infoserwis.uz.zgora.pl\/index.php?wydzia-prawa-i-administracji-uz-gospodarzem-zjazdu-dziekanow-wydziaow-prawa-uczelni-publicznych<\/p>\n","protected":false},"excerpt":{"rendered":"<p>La Facult\u00e9 de droit et d&rsquo;administration de l&rsquo;Universit\u00e9 de Zielona G\u00f3ra accueillera le Congr\u00e8s des doyens de la Facult\u00e9 de droit des universit\u00e9s publiques du 4 au 6 septembre. La rencontre sera accompagn\u00e9e d&rsquo;une conf\u00e9rence scientifique intitul\u00e9e \u00ab\u00a0la science et l\u2019enseignement du droit \u00e0 la lumi\u00e8re du Droit 2.0 : les premi\u00e8res exp\u00e9riences et perspectives\u00a0\u00bb. [&hellip;]<\/p>\n","protected":false},"author":11,"featured_media":0,"comment_status":"closed","ping_status":"closed","sticky":false,"template":"","format":"standard","meta":[],"categories":[41,37],"tags":[],"_links":{"self":[{"href":"https:\/\/www.polishscience.pl\/fr\/wp-json\/wp\/v2\/posts\/91507"}],"collection":[{"href":"https:\/\/www.polishscience.pl\/fr\/wp-json\/wp\/v2\/posts"}],"about":[{"href":"https:\/\/www.polishscience.pl\/fr\/wp-json\/wp\/v2\/types\/post"}],"author":[{"embeddable":true,"href":"https:\/\/www.polishscience.pl\/fr\/wp-json\/wp\/v2\/users\/11"}],"replies":[{"embeddable":true,"href":"https:\/\/www.polishscience.pl\/fr\/wp-json\/wp\/v2\/comments?post=91507"}],"version-history":[{"count":0,"href":"https:\/\/www.polishscience.pl\/fr\/wp-json\/wp\/v2\/posts\/91507\/revisions"}],"wp:attachment":[{"href":"https:\/\/www.polishscience.pl\/fr\/wp-json\/wp\/v2\/media?parent=91507"}],"wp:term":[{"taxonomy":"category","embeddable":true,"href":"https:\/\/www.polishscience.pl\/fr\/wp-json\/wp\/v2\/categories?post=91507"},{"taxonomy":"post_tag","embeddable":true,"href":"https:\/\/www.polishscience.pl\/fr\/wp-json\/wp\/v2\/tags?post=91507"}],"curies":[{"name":"wp","href":"https:\/\/api.w.org\/{rel}","templated":true}]}}