{"id":91499,"date":"2019-08-30T14:55:37","date_gmt":"2019-08-30T12:55:37","guid":{"rendered":"http:\/\/polishscience.pl\/?p=91499"},"modified":"2019-08-30T14:55:37","modified_gmt":"2019-08-30T12:55:37","slug":"le-xviiie-congres-des-mycologues-europeens-a-varsovie-et-bialowieza","status":"publish","type":"post","link":"https:\/\/www.polishscience.pl\/fr\/le-xviiie-congres-des-mycologues-europeens-a-varsovie-et-bialowieza\/","title":{"rendered":"Le XVIIIe Congr\u00e8s des mycologues europ\u00e9ens \u00e0 Varsovie et Bia\u0142owie\u017ca"},"content":{"rendered":"<p><strong>L&rsquo;Association Polonise des Mycologues et l&rsquo;Association Europ\u00e9enne des Mycologues organisent le XVIII\u00e8me Congr\u00e8s des Mycologues Europ\u00e9ens, qui se tiendra \u00e0 Varsovie et Bia\u0142owie\u017ca du 16 au 21 septembre 2019.<\/strong><\/p>\n<p>Il s&rsquo;agira d&rsquo;une manifestation scientifique qui portera sur le r\u00f4le de la biodiversit\u00e9 des champignons dans divers environnements. L&rsquo;objectif du Congr\u00e8s est de pr\u00e9senter les derni\u00e8res r\u00e9alisations de la mycologie et de promouvoir la mycologie appliqu\u00e9e, la biotechnologie et les derni\u00e8res m\u00e9thodes de recherche sur les champignons &#8211; informent les organisateurs du Congr\u00e8s.<\/p>\n<p>L&rsquo;un des \u00e9v\u00e9nements qui accompagneront le congr\u00e8s sera une conf\u00e9rence intitul\u00e9e \u00ab\u00a0La mycologie : la derni\u00e8re arme de l&rsquo;arsenal m\u00e9dico-l\u00e9gal\u00a0\u00bb, qui sera donn\u00e9e le 17 septembre au Centre Scientifique Copernic \u00e0 Varsovie par le professeur Patricia E.J. Wiltshire, charg\u00e9e de cours et chercheur \u00e0 l&rsquo;Universit\u00e9 de Londres, sp\u00e9cialis\u00e9e en palinologie, mycologie et microbiologie.<\/p>\n","protected":false},"excerpt":{"rendered":"<p>L&rsquo;Association Polonise des Mycologues et l&rsquo;Association Europ\u00e9enne des Mycologues organisent le XVIII\u00e8me Congr\u00e8s des Mycologues Europ\u00e9ens, qui se tiendra \u00e0 Varsovie et Bia\u0142owie\u017ca du 16 au 21 septembre 2019. Il s&rsquo;agira d&rsquo;une manifestation scientifique qui portera sur le r\u00f4le de la biodiversit\u00e9 des champignons dans divers environnements. L&rsquo;objectif du Congr\u00e8s est de pr\u00e9senter les derni\u00e8res [&hellip;]<\/p>\n","protected":false},"author":11,"featured_media":0,"comment_status":"closed","ping_status":"closed","sticky":false,"template":"","format":"standard","meta":[],"categories":[41,39],"tags":[],"_links":{"self":[{"href":"https:\/\/www.polishscience.pl\/fr\/wp-json\/wp\/v2\/posts\/91499"}],"collection":[{"href":"https:\/\/www.polishscience.pl\/fr\/wp-json\/wp\/v2\/posts"}],"about":[{"href":"https:\/\/www.polishscience.pl\/fr\/wp-json\/wp\/v2\/types\/post"}],"author":[{"embeddable":true,"href":"https:\/\/www.polishscience.pl\/fr\/wp-json\/wp\/v2\/users\/11"}],"replies":[{"embeddable":true,"href":"https:\/\/www.polishscience.pl\/fr\/wp-json\/wp\/v2\/comments?post=91499"}],"version-history":[{"count":0,"href":"https:\/\/www.polishscience.pl\/fr\/wp-json\/wp\/v2\/posts\/91499\/revisions"}],"wp:attachment":[{"href":"https:\/\/www.polishscience.pl\/fr\/wp-json\/wp\/v2\/media?parent=91499"}],"wp:term":[{"taxonomy":"category","embeddable":true,"href":"https:\/\/www.polishscience.pl\/fr\/wp-json\/wp\/v2\/categories?post=91499"},{"taxonomy":"post_tag","embeddable":true,"href":"https:\/\/www.polishscience.pl\/fr\/wp-json\/wp\/v2\/tags?post=91499"}],"curies":[{"name":"wp","href":"https:\/\/api.w.org\/{rel}","templated":true}]}}