{"id":91322,"date":"2019-08-29T15:00:52","date_gmt":"2019-08-29T13:00:52","guid":{"rendered":"http:\/\/polishscience.pl\/?p=91322"},"modified":"2019-08-29T16:01:22","modified_gmt":"2019-08-29T14:01:22","slug":"la-conference-les-enfants-en-mouvement-le-5-septembre-au-centre-scientifique-dinformation-medicale-a-wroclaw","status":"publish","type":"post","link":"https:\/\/www.polishscience.pl\/fr\/la-conference-les-enfants-en-mouvement-le-5-septembre-au-centre-scientifique-dinformation-medicale-a-wroclaw\/","title":{"rendered":"La conf\u00e9rence \u00ab\u00a0Les enfants en mouvement\u00a0\u00bb le 5 septembre au Centre Scientifique d&rsquo;Information M\u00e9dicale \u00e0 Wroc\u0142aw"},"content":{"rendered":"<p><strong>L&rsquo;Universit\u00e9 de m\u00e9decine et l&rsquo;Acad\u00e9mie d&rsquo;\u00e9ducation physique de Wroc\u0142aw ainsi que la Mairie de Wroc\u0142aw invitent des experts, des m\u00e9decins, des enseignants et surtout des parents \u00e0 une conf\u00e9rence \u00ab\u00a0Les enfants en mouvement\u00a0\u00bb le 5 septembre au Centre Scientifique d&rsquo;Information M\u00e9dicale.<\/strong><\/p>\n<p>&#8211; Des scientifiques, m\u00e9decins et experts partageront leurs recherches, qui seront d&rsquo;int\u00e9r\u00eat pour la communaut\u00e9 scientifique, mais ils le feront d&rsquo;une mani\u00e8re tellement accessible que le parent pr\u00e9sent dans la salle retirera \u00e9galement des informations utiles de la rencontre &#8211; a dit l&rsquo;organisateur principal de la rencontre, le professeur Tomasz Zato\u0144ski de l&rsquo;Universit\u00e9 de m\u00e9decine de Wroc\u0142aw, cit\u00e9 sur le site de l&rsquo;universit\u00e9.<\/p>\n<p>Le programme comprend de nombreuses questions int\u00e9ressantes, allant de l&rsquo;analyse de l&rsquo;\u00e9tat nutritionnel et de la croissance des enfants \u00e0 la question de savoir si le sucre est vraiment un ennemi et comment l&rsquo;ob\u00e9sit\u00e9 peut \u00eatre affect\u00e9e par les bact\u00e9ries. Une grande attention sera accord\u00e9e \u00e0 l&rsquo;activit\u00e9 physique &#8211; surtout dans le contexte de la fa\u00e7on dont les int\u00e9r\u00eats du mouvement se traduisent en cours d&rsquo;\u00e9ducation physique.<\/p>\n","protected":false},"excerpt":{"rendered":"<p>L&rsquo;Universit\u00e9 de m\u00e9decine et l&rsquo;Acad\u00e9mie d&rsquo;\u00e9ducation physique de Wroc\u0142aw ainsi que la Mairie de Wroc\u0142aw invitent des experts, des m\u00e9decins, des enseignants et surtout des parents \u00e0 une conf\u00e9rence \u00ab\u00a0Les enfants en mouvement\u00a0\u00bb le 5 septembre au Centre Scientifique d&rsquo;Information M\u00e9dicale. &#8211; Des scientifiques, m\u00e9decins et experts partageront leurs recherches, qui seront d&rsquo;int\u00e9r\u00eat pour la [&hellip;]<\/p>\n","protected":false},"author":11,"featured_media":0,"comment_status":"closed","ping_status":"closed","sticky":false,"template":"","format":"standard","meta":[],"categories":[41,39],"tags":[],"_links":{"self":[{"href":"https:\/\/www.polishscience.pl\/fr\/wp-json\/wp\/v2\/posts\/91322"}],"collection":[{"href":"https:\/\/www.polishscience.pl\/fr\/wp-json\/wp\/v2\/posts"}],"about":[{"href":"https:\/\/www.polishscience.pl\/fr\/wp-json\/wp\/v2\/types\/post"}],"author":[{"embeddable":true,"href":"https:\/\/www.polishscience.pl\/fr\/wp-json\/wp\/v2\/users\/11"}],"replies":[{"embeddable":true,"href":"https:\/\/www.polishscience.pl\/fr\/wp-json\/wp\/v2\/comments?post=91322"}],"version-history":[{"count":0,"href":"https:\/\/www.polishscience.pl\/fr\/wp-json\/wp\/v2\/posts\/91322\/revisions"}],"wp:attachment":[{"href":"https:\/\/www.polishscience.pl\/fr\/wp-json\/wp\/v2\/media?parent=91322"}],"wp:term":[{"taxonomy":"category","embeddable":true,"href":"https:\/\/www.polishscience.pl\/fr\/wp-json\/wp\/v2\/categories?post=91322"},{"taxonomy":"post_tag","embeddable":true,"href":"https:\/\/www.polishscience.pl\/fr\/wp-json\/wp\/v2\/tags?post=91322"}],"curies":[{"name":"wp","href":"https:\/\/api.w.org\/{rel}","templated":true}]}}