{"id":90220,"date":"2019-08-21T12:27:47","date_gmt":"2019-08-21T10:27:47","guid":{"rendered":"http:\/\/polishscience.pl\/?p=90220"},"modified":"2019-08-21T15:36:32","modified_gmt":"2019-08-21T13:36:32","slug":"luniversite-de-szczecin-est-coordinatrice-du-projet-generation-data","status":"publish","type":"post","link":"https:\/\/www.polishscience.pl\/fr\/luniversite-de-szczecin-est-coordinatrice-du-projet-generation-data\/","title":{"rendered":"L&rsquo;Universit\u00e9 de Szczecin est coordinatrice du projet \u00ab\u00a0Generation Data\u00a0\u00bb"},"content":{"rendered":"<p><strong>Le groupe de partenaires, dirig\u00e9 par l&rsquo;Universit\u00e9 de Szczecin, a lanc\u00e9 le projet \u00ab\u00a0Generation Data\u00a0\u00bb pour aider \u00e0 la gestion des donn\u00e9es &#8211; la ressource la plus importante dans l&rsquo;\u00e9conomie actuelle &#8211; \u00e0 lire sur le site Web de l&rsquo;universit\u00e9.<\/strong><\/p>\n<p>Le projet, r\u00e9alis\u00e9 dans le cadre du programme Erasmus+ de l&rsquo;UE, vise \u00e0 pr\u00e9parer le personnel universitaire \u00e0 leur apprendre \u00e0 utiliser des donn\u00e9es intelligentes afin que les \u00e9tudiants et les entrepreneurs d\u00e9butants puissent acqu\u00e9rir des connaissances pratiques et modernes.<\/p>\n<p>L&rsquo;objectif doit \u00eatre atteint en cr\u00e9ant du mat\u00e9riel de formation (y compris un guide pour l&rsquo;enseignant, un calendrier, des suggestions d&rsquo;activit\u00e9s et d&rsquo;exercices), en formant un groupe d&rsquo;enseignants qui fourniront des connaissances th\u00e9oriques et pratiques d&rsquo;une mani\u00e8re accessible, en promouvant le mat\u00e9riel p\u00e9dagogique cr\u00e9\u00e9 par le groupe partenaire \u00ab\u00a0Generation Data\u00a0\u00bb dans l&rsquo;offre de formation de l&rsquo;institution de soutien aux entreprises et en pr\u00e9parant une formation en ligne.<\/p>\n<p>Pour en savoir plus : <a href=\"http:\/\/usz.edu.pl\/us-koordynatorem-projektu-generation-data\/\">http:\/\/usz.edu.pl\/us-koordynatorem-projektu-generation-data\/<\/a><\/p>\n","protected":false},"excerpt":{"rendered":"<p>Le groupe de partenaires, dirig\u00e9 par l&rsquo;Universit\u00e9 de Szczecin, a lanc\u00e9 le projet \u00ab\u00a0Generation Data\u00a0\u00bb pour aider \u00e0 la gestion des donn\u00e9es &#8211; la ressource la plus importante dans l&rsquo;\u00e9conomie actuelle &#8211; \u00e0 lire sur le site Web de l&rsquo;universit\u00e9. Le projet, r\u00e9alis\u00e9 dans le cadre du programme Erasmus+ de l&rsquo;UE, vise \u00e0 pr\u00e9parer le [&hellip;]<\/p>\n","protected":false},"author":11,"featured_media":0,"comment_status":"closed","ping_status":"closed","sticky":false,"template":"","format":"standard","meta":[],"categories":[35],"tags":[],"_links":{"self":[{"href":"https:\/\/www.polishscience.pl\/fr\/wp-json\/wp\/v2\/posts\/90220"}],"collection":[{"href":"https:\/\/www.polishscience.pl\/fr\/wp-json\/wp\/v2\/posts"}],"about":[{"href":"https:\/\/www.polishscience.pl\/fr\/wp-json\/wp\/v2\/types\/post"}],"author":[{"embeddable":true,"href":"https:\/\/www.polishscience.pl\/fr\/wp-json\/wp\/v2\/users\/11"}],"replies":[{"embeddable":true,"href":"https:\/\/www.polishscience.pl\/fr\/wp-json\/wp\/v2\/comments?post=90220"}],"version-history":[{"count":0,"href":"https:\/\/www.polishscience.pl\/fr\/wp-json\/wp\/v2\/posts\/90220\/revisions"}],"wp:attachment":[{"href":"https:\/\/www.polishscience.pl\/fr\/wp-json\/wp\/v2\/media?parent=90220"}],"wp:term":[{"taxonomy":"category","embeddable":true,"href":"https:\/\/www.polishscience.pl\/fr\/wp-json\/wp\/v2\/categories?post=90220"},{"taxonomy":"post_tag","embeddable":true,"href":"https:\/\/www.polishscience.pl\/fr\/wp-json\/wp\/v2\/tags?post=90220"}],"curies":[{"name":"wp","href":"https:\/\/api.w.org\/{rel}","templated":true}]}}