{"id":89804,"date":"2019-08-19T16:16:40","date_gmt":"2019-08-19T14:16:40","guid":{"rendered":"http:\/\/polishscience.pl\/?p=89804"},"modified":"2019-08-19T16:16:40","modified_gmt":"2019-08-19T14:16:40","slug":"le-congres-de-lunion-internationale-des-sciences-anthropologiques-et-ethnologiques-a-poznan","status":"publish","type":"post","link":"https:\/\/www.polishscience.pl\/fr\/le-congres-de-lunion-internationale-des-sciences-anthropologiques-et-ethnologiques-a-poznan\/","title":{"rendered":"Le Congr\u00e8s de l&rsquo;Union Internationale des Sciences Anthropologiques et Ethnologiques \u00e0 Pozna\u0144\u00a0"},"content":{"rendered":"<p><strong>Environ 800 scientifiques participeront au Congr\u00e8s de l&rsquo;Union Internationale des Sciences Anthropologiques et Ethnologiques, qui se tiendra \u00e0 Pozna\u0144 du 27 au 31 ao\u00fbt.<\/strong><\/p>\n<p>Des scientifiques de 75 pays se r\u00e9uniront au Collegium Historicum de l&rsquo;Universit\u00e9 Adam Mickiewicz \u00e0 Pozna\u0144. Le th\u00e8me principal du congr\u00e8s est \u00ab\u00a0Solidarit\u00e9 Mondiale\u00a0\u00bb.<\/p>\n<p>Les concepts de compassion, de communaut\u00e9 et de solidarit\u00e9 sont aujourd&rsquo;hui particuli\u00e8rement importants \u00e0 l&rsquo;heure o\u00f9 le r\u00e9chauffement climatique et les in\u00e9galit\u00e9s sociales forcent des populations enti\u00e8res \u00e0 \u00e9migrer et renforcent les id\u00e9ologies d&rsquo;exclusion\u00a0\u00ab\u00a0, peut-on lire sur le site de l&rsquo;\u00e9v\u00e9nement.<\/p>\n<p>De nombreux repr\u00e9sentants \u00e9minents de la science ont annonc\u00e9 leur participation \u00e0 l&rsquo;\u00e9v\u00e9nement, notamment les professeurs Chris Hann de l&rsquo;Universit\u00e9 de Cambridge, le directeur du Max Plank Institute \u00e0 Halle dans le domaine de l&rsquo;anthropologie sociale, qui donnera la conf\u00e9rence inaugurale et Alisse Waterston de la City University of New York &#8211; ancienne pr\u00e9sidente de l&rsquo;American Anthropological Association.<\/p>\n<p>Pour en savoir plus : <a href=\"https:\/\/www.iuaes2019.org\/\">https:\/\/www.iuaes2019.org\/<\/a><\/p>\n","protected":false},"excerpt":{"rendered":"<p>Environ 800 scientifiques participeront au Congr\u00e8s de l&rsquo;Union Internationale des Sciences Anthropologiques et Ethnologiques, qui se tiendra \u00e0 Pozna\u0144 du 27 au 31 ao\u00fbt. Des scientifiques de 75 pays se r\u00e9uniront au Collegium Historicum de l&rsquo;Universit\u00e9 Adam Mickiewicz \u00e0 Pozna\u0144. Le th\u00e8me principal du congr\u00e8s est \u00ab\u00a0Solidarit\u00e9 Mondiale\u00a0\u00bb. Les concepts de compassion, de communaut\u00e9 et [&hellip;]<\/p>\n","protected":false},"author":11,"featured_media":0,"comment_status":"closed","ping_status":"closed","sticky":false,"template":"","format":"standard","meta":[],"categories":[41,37],"tags":[],"_links":{"self":[{"href":"https:\/\/www.polishscience.pl\/fr\/wp-json\/wp\/v2\/posts\/89804"}],"collection":[{"href":"https:\/\/www.polishscience.pl\/fr\/wp-json\/wp\/v2\/posts"}],"about":[{"href":"https:\/\/www.polishscience.pl\/fr\/wp-json\/wp\/v2\/types\/post"}],"author":[{"embeddable":true,"href":"https:\/\/www.polishscience.pl\/fr\/wp-json\/wp\/v2\/users\/11"}],"replies":[{"embeddable":true,"href":"https:\/\/www.polishscience.pl\/fr\/wp-json\/wp\/v2\/comments?post=89804"}],"version-history":[{"count":0,"href":"https:\/\/www.polishscience.pl\/fr\/wp-json\/wp\/v2\/posts\/89804\/revisions"}],"wp:attachment":[{"href":"https:\/\/www.polishscience.pl\/fr\/wp-json\/wp\/v2\/media?parent=89804"}],"wp:term":[{"taxonomy":"category","embeddable":true,"href":"https:\/\/www.polishscience.pl\/fr\/wp-json\/wp\/v2\/categories?post=89804"},{"taxonomy":"post_tag","embeddable":true,"href":"https:\/\/www.polishscience.pl\/fr\/wp-json\/wp\/v2\/tags?post=89804"}],"curies":[{"name":"wp","href":"https:\/\/api.w.org\/{rel}","templated":true}]}}