{"id":89798,"date":"2019-08-19T14:50:59","date_gmt":"2019-08-19T12:50:59","guid":{"rendered":"http:\/\/polishscience.pl\/?p=89798"},"modified":"2019-08-19T14:50:59","modified_gmt":"2019-08-19T12:50:59","slug":"les-universites-de-varmie-et-de-mazurie-sont-dans-le-reseau-europeen-de-cooperation-des-regions-dans-le-domaine-de-la-recherche-et-de-linnovation","status":"publish","type":"post","link":"https:\/\/www.polishscience.pl\/fr\/les-universites-de-varmie-et-de-mazurie-sont-dans-le-reseau-europeen-de-cooperation-des-regions-dans-le-domaine-de-la-recherche-et-de-linnovation\/","title":{"rendered":"Les universit\u00e9s de Varmie et de Mazurie sont dans le R\u00e9seau europ\u00e9en de coop\u00e9ration des r\u00e9gions dans le domaine de la recherche et de l&rsquo;innovation"},"content":{"rendered":"<p><strong>L&rsquo;\u00c9cole professionnelle sup\u00e9rieure publique (PWSZ) de Elbl\u0105g et l&rsquo;Universit\u00e9 de Varmie et de Mazurie (UWM) d&rsquo;Olsztyn ont rejoint le R\u00e9seau europ\u00e9en de coop\u00e9ration des r\u00e9gions pour la recherche et l&rsquo;innovation (ERRIN). Le professeur Zbigniew Walczyk &#8211; Recteur de l&rsquo;\u00c9cole professionnelle sup\u00e9rieure publique, le professeur Ryszard G\u00f3recki &#8211; Recteur de l&rsquo;Universit\u00e9 de Varmie et Mazurie et Gustaw Marek Brzezin &#8211; Pr\u00e9sident de la vo\u00efvodie de Varmie et Mazurie ont sign\u00e9 un accord au bureau local.<\/strong><\/p>\n<p>Le R\u00e9seau europ\u00e9en de coop\u00e9ration des r\u00e9gions dans le domaine de la recherche et de l&rsquo;innovation a \u00e9t\u00e9 cr\u00e9\u00e9 en 2011. Il s&rsquo;agit d&rsquo;une association \u00e0 but non lucratif de droit belge. Actuellement, il associe plus de 130 organisations diff\u00e9rentes de 22 pays europ\u00e9ens. Le r\u00e9seau soutient la coop\u00e9ration r\u00e9gionale en mati\u00e8re de recherche et d&rsquo;innovation. Il offre aux membres l&rsquo;occasion de partager des id\u00e9es de projets, des pratiques exemplaires et des contacts personnels. Il en r\u00e9sulte un \u00e9change rapide de connaissances au profit de tous les partenaires. Le r\u00e9seau participe \u00e0 des projets financ\u00e9s par l&rsquo;Union europ\u00e9enne.<\/p>\n","protected":false},"excerpt":{"rendered":"<p>L&rsquo;\u00c9cole professionnelle sup\u00e9rieure publique (PWSZ) de Elbl\u0105g et l&rsquo;Universit\u00e9 de Varmie et de Mazurie (UWM) d&rsquo;Olsztyn ont rejoint le R\u00e9seau europ\u00e9en de coop\u00e9ration des r\u00e9gions pour la recherche et l&rsquo;innovation (ERRIN). Le professeur Zbigniew Walczyk &#8211; Recteur de l&rsquo;\u00c9cole professionnelle sup\u00e9rieure publique, le professeur Ryszard G\u00f3recki &#8211; Recteur de l&rsquo;Universit\u00e9 de Varmie et Mazurie et [&hellip;]<\/p>\n","protected":false},"author":11,"featured_media":0,"comment_status":"closed","ping_status":"closed","sticky":false,"template":"","format":"standard","meta":[],"categories":[38,36],"tags":[],"_links":{"self":[{"href":"https:\/\/www.polishscience.pl\/fr\/wp-json\/wp\/v2\/posts\/89798"}],"collection":[{"href":"https:\/\/www.polishscience.pl\/fr\/wp-json\/wp\/v2\/posts"}],"about":[{"href":"https:\/\/www.polishscience.pl\/fr\/wp-json\/wp\/v2\/types\/post"}],"author":[{"embeddable":true,"href":"https:\/\/www.polishscience.pl\/fr\/wp-json\/wp\/v2\/users\/11"}],"replies":[{"embeddable":true,"href":"https:\/\/www.polishscience.pl\/fr\/wp-json\/wp\/v2\/comments?post=89798"}],"version-history":[{"count":0,"href":"https:\/\/www.polishscience.pl\/fr\/wp-json\/wp\/v2\/posts\/89798\/revisions"}],"wp:attachment":[{"href":"https:\/\/www.polishscience.pl\/fr\/wp-json\/wp\/v2\/media?parent=89798"}],"wp:term":[{"taxonomy":"category","embeddable":true,"href":"https:\/\/www.polishscience.pl\/fr\/wp-json\/wp\/v2\/categories?post=89798"},{"taxonomy":"post_tag","embeddable":true,"href":"https:\/\/www.polishscience.pl\/fr\/wp-json\/wp\/v2\/tags?post=89798"}],"curies":[{"name":"wp","href":"https:\/\/api.w.org\/{rel}","templated":true}]}}