{"id":89576,"date":"2019-08-16T14:57:38","date_gmt":"2019-08-16T12:57:38","guid":{"rendered":"http:\/\/polishscience.pl\/?p=89576"},"modified":"2019-08-16T14:57:38","modified_gmt":"2019-08-16T12:57:38","slug":"la-recherche-menee-par-des-etudiants-de-la-polytechnique-de-wroclaw-au-chateau-de-grodno","status":"publish","type":"post","link":"https:\/\/www.polishscience.pl\/fr\/la-recherche-menee-par-des-etudiants-de-la-polytechnique-de-wroclaw-au-chateau-de-grodno\/","title":{"rendered":"La recherche men\u00e9e par des \u00e9tudiants de la Polytechnique de Wroc\u0142aw au Ch\u00e2teau de Grodno"},"content":{"rendered":"<p><strong>Les \u00e9tudiants de la Facult\u00e9 d&rsquo;Architecture de la Polytechnique de Wroc\u0142aw au cours de leurs travaux de recherche et de conception au Ch\u00e2teau de Grodno de Zag\u00f3rze \u015al\u0105skie ont d\u00e9couvert que la forteresse ne fut pas agrandie au XVIe si\u00e8cle. &#8211; Comme on le croyait jusqu&rsquo;\u00e0 pr\u00e9sent &#8211; mais beaucoup plus t\u00f4t, au Moyen \u00c2ge &#8211; a inform\u00e9 la Polytechnique.<\/strong><\/p>\n<p>De jeunes architectes sont venus \u00e0 Zag\u00f3rze \u015al\u0105skie pour la cinqui\u00e8me \u00e9dition des ateliers \u00ab\u00a0Les ch\u00e2teaux et leurs ombres\u00a0\u00bb organis\u00e9s par le Cercle de recherche en histoire de l&rsquo;architecture ArcHist, o\u00f9 ils ont pass\u00e9 plus d&rsquo;une semaine au ch\u00e2teau de Grodno pour y faire des recherches et cr\u00e9er des projets qui, entre autres, permettront de mieux repr\u00e9senter l&rsquo;histoire et l&rsquo;architecture du b\u00e2timent.<\/p>\n<p>Les \u00e9tudiants participant aux ateliers ont pr\u00e9par\u00e9 des maquettes virtuelles de trois \u00e9tapes de l&rsquo;histoire du ch\u00e2teau de Grodno. La premi\u00e8re montre la forteresse sous le r\u00e8gne du prince Bolko Ier, c&rsquo;est-\u00e0-dire au tournant des XIIIe et XIVe si\u00e8cles, la suivante pr\u00e9sente Grodno vers le milieu du XIVe si\u00e8cle sous le r\u00e8gne du prince Bolko II. La derni\u00e8re des pr\u00e9sentations virtuelles est un ch\u00e2teau Renaissance &#8211; c&rsquo;est ainsi que la forteresse pourrait ressembler entre le 15\u00e8me et le 16\u00e8me si\u00e8cle.<\/p>\n<p>Pour en savoir plus :<a href=\"https:\/\/pwr.edu.pl\/uczelnia\/aktualnosci\/studenckie-badania-na-zamku-grodno-zdjecia--wizualizacje-11308.html\"> https:\/\/pwr.edu.pl\/uczelnia\/aktualnosci\/studenckie-badania-na-zamku-grodno-zdjecia&#8211;wizualizacje-11308.html<\/a><\/p>\n","protected":false},"excerpt":{"rendered":"<p>Les \u00e9tudiants de la Facult\u00e9 d&rsquo;Architecture de la Polytechnique de Wroc\u0142aw au cours de leurs travaux de recherche et de conception au Ch\u00e2teau de Grodno de Zag\u00f3rze \u015al\u0105skie ont d\u00e9couvert que la forteresse ne fut pas agrandie au XVIe si\u00e8cle. &#8211; Comme on le croyait jusqu&rsquo;\u00e0 pr\u00e9sent &#8211; mais beaucoup plus t\u00f4t, au Moyen \u00c2ge [&hellip;]<\/p>\n","protected":false},"author":11,"featured_media":0,"comment_status":"closed","ping_status":"closed","sticky":false,"template":"","format":"standard","meta":[],"categories":[34],"tags":[],"_links":{"self":[{"href":"https:\/\/www.polishscience.pl\/fr\/wp-json\/wp\/v2\/posts\/89576"}],"collection":[{"href":"https:\/\/www.polishscience.pl\/fr\/wp-json\/wp\/v2\/posts"}],"about":[{"href":"https:\/\/www.polishscience.pl\/fr\/wp-json\/wp\/v2\/types\/post"}],"author":[{"embeddable":true,"href":"https:\/\/www.polishscience.pl\/fr\/wp-json\/wp\/v2\/users\/11"}],"replies":[{"embeddable":true,"href":"https:\/\/www.polishscience.pl\/fr\/wp-json\/wp\/v2\/comments?post=89576"}],"version-history":[{"count":0,"href":"https:\/\/www.polishscience.pl\/fr\/wp-json\/wp\/v2\/posts\/89576\/revisions"}],"wp:attachment":[{"href":"https:\/\/www.polishscience.pl\/fr\/wp-json\/wp\/v2\/media?parent=89576"}],"wp:term":[{"taxonomy":"category","embeddable":true,"href":"https:\/\/www.polishscience.pl\/fr\/wp-json\/wp\/v2\/categories?post=89576"},{"taxonomy":"post_tag","embeddable":true,"href":"https:\/\/www.polishscience.pl\/fr\/wp-json\/wp\/v2\/tags?post=89576"}],"curies":[{"name":"wp","href":"https:\/\/api.w.org\/{rel}","templated":true}]}}