{"id":89116,"date":"2019-08-13T12:05:42","date_gmt":"2019-08-13T10:05:42","guid":{"rendered":"http:\/\/polishscience.pl\/?p=89116"},"modified":"2019-08-13T12:05:42","modified_gmt":"2019-08-13T10:05:42","slug":"une-prochaine-conference-du-cycle-les-traces-des-femmes-en-mathematiques-a-cracovie","status":"publish","type":"post","link":"https:\/\/www.polishscience.pl\/fr\/une-prochaine-conference-du-cycle-les-traces-des-femmes-en-mathematiques-a-cracovie\/","title":{"rendered":"Une prochaine conf\u00e9rence du cycle \u00ab\u00a0Les traces des femmes en math\u00e9matiques\u00a0\u00bb \u00e0 Cracovie"},"content":{"rendered":"<p><strong>L&rsquo;Association des femmes polonaises en math\u00e9matiques et la Facult\u00e9 de math\u00e9matiques appliqu\u00e9es de l&rsquo;Universit\u00e9 des sciences et technologie de Cracovie organisent du 31 ao\u00fbt au 2 septembre 2019 une conf\u00e9rence scientifique intitul\u00e9e \u00ab\u00a0Sur la piste des femmes en math\u00e9matiques &#8211; en l&rsquo;honneur de Sofia Kowalewska\u00a0\u00bb.<\/strong><\/p>\n<p>Comme l&rsquo;a soulign\u00e9 l&rsquo;Universit\u00e9 des sciences et technologie, le but de la conf\u00e9rence est d&rsquo;honorer le professeur Sofia Kowalewska, appel\u00e9e \u00ab\u00a0Princesse des math\u00e9matiques\u00a0\u00bb, sa contribution significative au d\u00e9veloppement des math\u00e9matiques, en particulier les \u00e9quations aux d\u00e9riv\u00e9es partielles et leurs applications, ainsi que de souligner la contribution du professeur Kowalewska \u00e0 la lutte pour les droits des femmes et leur acc\u00e8s \u00e9quitable \u00e0 l&rsquo;\u00e9ducation et \u00e0 des postes.<\/p>\n<p>Le cycle \u00a0\u00bb Sur les traces des femmes en math\u00e9matiques \u00a0\u00bb promeut les r\u00e9alisations et les m\u00e9rites des femmes dont la recherche, l&rsquo;activit\u00e9 professionnelle et les publications ont apport\u00e9 une contribution significative au d\u00e9veloppement des sciences, principalement des math\u00e9matiques et des sciences connexes.<\/p>\n","protected":false},"excerpt":{"rendered":"<p>L&rsquo;Association des femmes polonaises en math\u00e9matiques et la Facult\u00e9 de math\u00e9matiques appliqu\u00e9es de l&rsquo;Universit\u00e9 des sciences et technologie de Cracovie organisent du 31 ao\u00fbt au 2 septembre 2019 une conf\u00e9rence scientifique intitul\u00e9e \u00ab\u00a0Sur la piste des femmes en math\u00e9matiques &#8211; en l&rsquo;honneur de Sofia Kowalewska\u00a0\u00bb. Comme l&rsquo;a soulign\u00e9 l&rsquo;Universit\u00e9 des sciences et technologie, le but [&hellip;]<\/p>\n","protected":false},"author":11,"featured_media":0,"comment_status":"closed","ping_status":"closed","sticky":false,"template":"","format":"standard","meta":[],"categories":[35,41],"tags":[],"_links":{"self":[{"href":"https:\/\/www.polishscience.pl\/fr\/wp-json\/wp\/v2\/posts\/89116"}],"collection":[{"href":"https:\/\/www.polishscience.pl\/fr\/wp-json\/wp\/v2\/posts"}],"about":[{"href":"https:\/\/www.polishscience.pl\/fr\/wp-json\/wp\/v2\/types\/post"}],"author":[{"embeddable":true,"href":"https:\/\/www.polishscience.pl\/fr\/wp-json\/wp\/v2\/users\/11"}],"replies":[{"embeddable":true,"href":"https:\/\/www.polishscience.pl\/fr\/wp-json\/wp\/v2\/comments?post=89116"}],"version-history":[{"count":0,"href":"https:\/\/www.polishscience.pl\/fr\/wp-json\/wp\/v2\/posts\/89116\/revisions"}],"wp:attachment":[{"href":"https:\/\/www.polishscience.pl\/fr\/wp-json\/wp\/v2\/media?parent=89116"}],"wp:term":[{"taxonomy":"category","embeddable":true,"href":"https:\/\/www.polishscience.pl\/fr\/wp-json\/wp\/v2\/categories?post=89116"},{"taxonomy":"post_tag","embeddable":true,"href":"https:\/\/www.polishscience.pl\/fr\/wp-json\/wp\/v2\/tags?post=89116"}],"curies":[{"name":"wp","href":"https:\/\/api.w.org\/{rel}","templated":true}]}}