{"id":86953,"date":"2019-07-30T13:08:24","date_gmt":"2019-07-30T11:08:24","guid":{"rendered":"http:\/\/polishscience.pl\/?p=86953"},"modified":"2019-07-30T14:08:52","modified_gmt":"2019-07-30T12:08:52","slug":"le-groupe-des-etablissements-denseignement-superieur-vistula-se-developpe","status":"publish","type":"post","link":"https:\/\/www.polishscience.pl\/fr\/le-groupe-des-etablissements-denseignement-superieur-vistula-se-developpe\/","title":{"rendered":"Le Groupe des \u00e9tablissements d&rsquo;enseignement sup\u00e9rieur  Vistula se d\u00e9veloppe"},"content":{"rendered":"<p><strong>L&rsquo;\u00e9cole d&rsquo;enseignement sup\u00e9rieur J\u00f3zef Rusiecki d&rsquo;Olsztyn, qui fait partie du groupe de l&rsquo;Universit\u00e9 Vistula, est reli\u00e9e \u00e0 l&rsquo;Universit\u00e9 d&rsquo;informatique et de l&rsquo;\u00e9conomie de l&rsquo;Association des connaissances g\u00e9n\u00e9rales \u00e0 Olsztyn.<\/strong><\/p>\n<p>L&rsquo;Universit\u00e9 J\u00f3zef Rusiecki d&rsquo;Olsztyn et l&rsquo;Universit\u00e9 des technologies d&rsquo;informatique et de l&rsquo;\u00e9conomie ont d\u00e9pos\u00e9 une demande de fusion aupr\u00e8s du Ministre des sciences et de l&rsquo;enseignement sup\u00e9rieur.<\/p>\n<p>Nous esp\u00e9rons que cette d\u00e9cision sera prise pendant les vacances d&rsquo;\u00e9t\u00e9 et qu&rsquo;\u00e0 partir du 1er octobre, nous commencerons \u00e0 fonctionner comme une seule universit\u00e9 &#8211; a dit le Dr. Zdzis\u0142aw Rapacki, Chancelier de l&rsquo;Acad\u00e9mie des Finances et commerciale Vistula et Pr\u00e9sident du Conseil ex\u00e9cutif de l&rsquo;universit\u00e9 nouvellement cr\u00e9\u00e9e.<\/p>\n<p>L&rsquo;universit\u00e9, qui sera \u00e9tablie \u00e0 Olsztyn, comptera trois facult\u00e9s. La Facult\u00e9 des sciences de la sant\u00e9, la Facult\u00e9 des sciences humaines et sociales et la troisi\u00e8me facult\u00e9 \u00e0 K\u0119trzyn avec une offre d&rsquo;\u00e9tudes de premier cycle dans les domaines de la p\u00e9dagogie, l&rsquo;\u00e9conomie et l&rsquo;administration.<\/p>\n","protected":false},"excerpt":{"rendered":"<p>L&rsquo;\u00e9cole d&rsquo;enseignement sup\u00e9rieur J\u00f3zef Rusiecki d&rsquo;Olsztyn, qui fait partie du groupe de l&rsquo;Universit\u00e9 Vistula, est reli\u00e9e \u00e0 l&rsquo;Universit\u00e9 d&rsquo;informatique et de l&rsquo;\u00e9conomie de l&rsquo;Association des connaissances g\u00e9n\u00e9rales \u00e0 Olsztyn. L&rsquo;Universit\u00e9 J\u00f3zef Rusiecki d&rsquo;Olsztyn et l&rsquo;Universit\u00e9 des technologies d&rsquo;informatique et de l&rsquo;\u00e9conomie ont d\u00e9pos\u00e9 une demande de fusion aupr\u00e8s du Ministre des sciences et de l&rsquo;enseignement [&hellip;]<\/p>\n","protected":false},"author":11,"featured_media":0,"comment_status":"closed","ping_status":"closed","sticky":false,"template":"","format":"standard","meta":[],"categories":[35],"tags":[],"_links":{"self":[{"href":"https:\/\/www.polishscience.pl\/fr\/wp-json\/wp\/v2\/posts\/86953"}],"collection":[{"href":"https:\/\/www.polishscience.pl\/fr\/wp-json\/wp\/v2\/posts"}],"about":[{"href":"https:\/\/www.polishscience.pl\/fr\/wp-json\/wp\/v2\/types\/post"}],"author":[{"embeddable":true,"href":"https:\/\/www.polishscience.pl\/fr\/wp-json\/wp\/v2\/users\/11"}],"replies":[{"embeddable":true,"href":"https:\/\/www.polishscience.pl\/fr\/wp-json\/wp\/v2\/comments?post=86953"}],"version-history":[{"count":0,"href":"https:\/\/www.polishscience.pl\/fr\/wp-json\/wp\/v2\/posts\/86953\/revisions"}],"wp:attachment":[{"href":"https:\/\/www.polishscience.pl\/fr\/wp-json\/wp\/v2\/media?parent=86953"}],"wp:term":[{"taxonomy":"category","embeddable":true,"href":"https:\/\/www.polishscience.pl\/fr\/wp-json\/wp\/v2\/categories?post=86953"},{"taxonomy":"post_tag","embeddable":true,"href":"https:\/\/www.polishscience.pl\/fr\/wp-json\/wp\/v2\/tags?post=86953"}],"curies":[{"name":"wp","href":"https:\/\/api.w.org\/{rel}","templated":true}]}}