{"id":77693,"date":"2019-05-28T16:38:31","date_gmt":"2019-05-28T14:38:31","guid":{"rendered":"http:\/\/polishscience.pl\/?p=77693"},"modified":"2019-05-28T16:38:31","modified_gmt":"2019-05-28T14:38:31","slug":"le-droit-dacces-a-la-lumiere-la-publication-de-larchitecte-de-la-polytechnique-de-gdansk-dans-nature","status":"publish","type":"post","link":"https:\/\/www.polishscience.pl\/fr\/le-droit-dacces-a-la-lumiere-la-publication-de-larchitecte-de-la-polytechnique-de-gdansk-dans-nature\/","title":{"rendered":"Le droit d&rsquo;acc\u00e8s \u00e0 la lumi\u00e8re. La publication de l\u2019architecte de la Polytechnique de Gdansk dans \u00ab\u00a0Nature\u00a0\u00bb"},"content":{"rendered":"<p><strong>Le dernier num\u00e9ro de \u00ab\u00a0Nature\u00a0\u00bb contient un article d&rsquo;expert du docteur en architecture Karolina M. Zieli\u0144ska-D\u0105bkowska, professeure adjointe au D\u00e9partement d&rsquo;architecture urbaine et des espaces riverains \u00e0 la Facult\u00e9 d&rsquo;architecture de la Polytechnique de Gda\u0144sk.<\/strong><\/p>\n<p>Dans le texte, la scientifique de Gda\u0144sk avertit que les gratte-ciel, dont le nombre dans les m\u00e9tropoles modernes a augment\u00e9 de 141% en une d\u00e9cennie, privent les habitants de l&rsquo;acc\u00e8s \u00e0 la lumi\u00e8re naturelle, constituant une menace pour la sant\u00e9, le bien-\u00eatre et le d\u00e9veloppement durable des villes. Cela inclura de nouvelles zones urbaines non seulement en Asie, mais aussi dans les villes europ\u00e9ennes historiques.<\/p>\n<p>Le prix du d\u00e9veloppement est l&rsquo;acc\u00e8s limit\u00e9 \u00e0 la lumi\u00e8re naturelle, essentielle \u00e0 notre sant\u00e9 et \u00e0 notre bien-\u00eatre. Les scientifiques ont prouv\u00e9 que le manque d&rsquo;exposition \u00e0 la lumi\u00e8re du soleil peut contribuer \u00e0 une carence en vitamine D ou \u00e0 une myopie qui, d&rsquo;ici 2050, devrait affecter la moiti\u00e9 de la population mondiale\u00a0\u00bb, peut-on lire sur le site Web de l&rsquo;universit\u00e9.<\/p>\n","protected":false},"excerpt":{"rendered":"<p>Le dernier num\u00e9ro de \u00ab\u00a0Nature\u00a0\u00bb contient un article d&rsquo;expert du docteur en architecture Karolina M. Zieli\u0144ska-D\u0105bkowska, professeure adjointe au D\u00e9partement d&rsquo;architecture urbaine et des espaces riverains \u00e0 la Facult\u00e9 d&rsquo;architecture de la Polytechnique de Gda\u0144sk. Dans le texte, la scientifique de Gda\u0144sk avertit que les gratte-ciel, dont le nombre dans les m\u00e9tropoles modernes a augment\u00e9 [&hellip;]<\/p>\n","protected":false},"author":11,"featured_media":0,"comment_status":"closed","ping_status":"closed","sticky":false,"template":"","format":"standard","meta":[],"categories":[41,34],"tags":[],"_links":{"self":[{"href":"https:\/\/www.polishscience.pl\/fr\/wp-json\/wp\/v2\/posts\/77693"}],"collection":[{"href":"https:\/\/www.polishscience.pl\/fr\/wp-json\/wp\/v2\/posts"}],"about":[{"href":"https:\/\/www.polishscience.pl\/fr\/wp-json\/wp\/v2\/types\/post"}],"author":[{"embeddable":true,"href":"https:\/\/www.polishscience.pl\/fr\/wp-json\/wp\/v2\/users\/11"}],"replies":[{"embeddable":true,"href":"https:\/\/www.polishscience.pl\/fr\/wp-json\/wp\/v2\/comments?post=77693"}],"version-history":[{"count":0,"href":"https:\/\/www.polishscience.pl\/fr\/wp-json\/wp\/v2\/posts\/77693\/revisions"}],"wp:attachment":[{"href":"https:\/\/www.polishscience.pl\/fr\/wp-json\/wp\/v2\/media?parent=77693"}],"wp:term":[{"taxonomy":"category","embeddable":true,"href":"https:\/\/www.polishscience.pl\/fr\/wp-json\/wp\/v2\/categories?post=77693"},{"taxonomy":"post_tag","embeddable":true,"href":"https:\/\/www.polishscience.pl\/fr\/wp-json\/wp\/v2\/tags?post=77693"}],"curies":[{"name":"wp","href":"https:\/\/api.w.org\/{rel}","templated":true}]}}