{"id":76965,"date":"2019-05-23T13:27:34","date_gmt":"2019-05-23T11:27:34","guid":{"rendered":"http:\/\/polishscience.pl\/?p=76965"},"modified":"2019-05-23T13:28:13","modified_gmt":"2019-05-23T11:28:13","slug":"la-subvention-dun-million-de-zlotys-pour-luniversite-de-biala-podlaska","status":"publish","type":"post","link":"https:\/\/www.polishscience.pl\/fr\/la-subvention-dun-million-de-zlotys-pour-luniversite-de-biala-podlaska\/","title":{"rendered":"La subvention d\u2019un million de zlotys pour l&rsquo;universit\u00e9 de Bia\u0142a Podlaska"},"content":{"rendered":"<p><strong>L&rsquo;\u00e9cole sup\u00e9rieure publique Pape Jean-Paul II \u00e0 Bia\u0142a Podlaska a re\u00e7u une subvention de 1 million de PLN dans le cadre du projet \u00ab\u00a0Initiative d\u2019Enseignement par Excellence\u00a0\u00bb.<\/strong><\/p>\n<p>Le ch\u00e8que symbolique, remis entre les mains d&rsquo;Agnieszka Smarzewska, recteur par int\u00e9rim de l&rsquo;universit\u00e9 par le vice-ministre de la recherche scientifique et de l&rsquo;enseignement sup\u00e9rieur, le professeur Andrzej Stanis\u0142awek.<\/p>\n<p>Pour nous, ce sont des ressources \u00e9normes que nous allons consacrer \u00e0 l&rsquo;am\u00e9lioration de la qualit\u00e9 de l&rsquo;\u00e9ducation. Nous avons une chance de faire en sorte que l&rsquo;universit\u00e9 soit \u00e0 un niveau encore plus \u00e9lev\u00e9. Cet argent servira \u00e0 r\u00e9aliser des projets qui seront mis en \u0153uvre, entre autres, en \u00e9quipant l\u2019at\u00e9lier de mat\u00e9riel p\u00e9dagogique, afin que les \u00e9tudiants puissent r\u00e9aliser des simulations ressemblant \u00e0 des conditions r\u00e9elles sur le march\u00e9 du travail &#8211; a d\u00e9clar\u00e9 Agnieszka Smarzewska.\u00a0\u00bb.<\/p>\n","protected":false},"excerpt":{"rendered":"<p>L&rsquo;\u00e9cole sup\u00e9rieure publique Pape Jean-Paul II \u00e0 Bia\u0142a Podlaska a re\u00e7u une subvention de 1 million de PLN dans le cadre du projet \u00ab\u00a0Initiative d\u2019Enseignement par Excellence\u00a0\u00bb. Le ch\u00e8que symbolique, remis entre les mains d&rsquo;Agnieszka Smarzewska, recteur par int\u00e9rim de l&rsquo;universit\u00e9 par le vice-ministre de la recherche scientifique et de l&rsquo;enseignement sup\u00e9rieur, le professeur Andrzej [&hellip;]<\/p>\n","protected":false},"author":11,"featured_media":0,"comment_status":"closed","ping_status":"closed","sticky":false,"template":"","format":"standard","meta":[],"categories":[35],"tags":[],"_links":{"self":[{"href":"https:\/\/www.polishscience.pl\/fr\/wp-json\/wp\/v2\/posts\/76965"}],"collection":[{"href":"https:\/\/www.polishscience.pl\/fr\/wp-json\/wp\/v2\/posts"}],"about":[{"href":"https:\/\/www.polishscience.pl\/fr\/wp-json\/wp\/v2\/types\/post"}],"author":[{"embeddable":true,"href":"https:\/\/www.polishscience.pl\/fr\/wp-json\/wp\/v2\/users\/11"}],"replies":[{"embeddable":true,"href":"https:\/\/www.polishscience.pl\/fr\/wp-json\/wp\/v2\/comments?post=76965"}],"version-history":[{"count":0,"href":"https:\/\/www.polishscience.pl\/fr\/wp-json\/wp\/v2\/posts\/76965\/revisions"}],"wp:attachment":[{"href":"https:\/\/www.polishscience.pl\/fr\/wp-json\/wp\/v2\/media?parent=76965"}],"wp:term":[{"taxonomy":"category","embeddable":true,"href":"https:\/\/www.polishscience.pl\/fr\/wp-json\/wp\/v2\/categories?post=76965"},{"taxonomy":"post_tag","embeddable":true,"href":"https:\/\/www.polishscience.pl\/fr\/wp-json\/wp\/v2\/tags?post=76965"}],"curies":[{"name":"wp","href":"https:\/\/api.w.org\/{rel}","templated":true}]}}