{"id":76735,"date":"2019-05-22T10:32:35","date_gmt":"2019-05-22T08:32:35","guid":{"rendered":"http:\/\/polishscience.pl\/?p=76735"},"modified":"2019-05-22T10:32:35","modified_gmt":"2019-05-22T08:32:35","slug":"lecole-professionnelle-superieure-publique-a-zamosc-organise-la-journee-de-la-securite-nationale","status":"publish","type":"post","link":"https:\/\/www.polishscience.pl\/fr\/lecole-professionnelle-superieure-publique-a-zamosc-organise-la-journee-de-la-securite-nationale\/","title":{"rendered":"L&rsquo;\u00c9cole professionnelle sup\u00e9rieure publique \u00e0 Zamo\u015b\u0107 organise la Journ\u00e9e de la s\u00e9curit\u00e9 nationale"},"content":{"rendered":"<p><strong>L&rsquo;\u00c9cole professionnelle sup\u00e9rieure publique \u00e0 Zamo\u015b\u0107 et le Centre des services en uniforme de l&rsquo;\u00c9cole secondaire g\u00e9n\u00e9rale \u00e0 Zamo\u015b\u0107 organisent la Journ\u00e9e nationale de la s\u00e9curit\u00e9 le 26 mai 2019. L&rsquo;\u00e9v\u00e9nement aura lieu sur la place du Grand March\u00e9 \u00e0 \u00a0Zamo\u015b\u0107.<\/strong><\/p>\n<p>Pendant la Journ\u00e9e de la s\u00e9curit\u00e9 nationale, il y aura l&rsquo;occasion de voir l&rsquo;\u00e9quipement et l&rsquo;armement de l&rsquo;arm\u00e9e polonaise, l&rsquo;administration p\u00e9nitentiaire, l&rsquo;\u00e9quipement de sauvetage et de lutte contre l&rsquo;incendie du Service national des incendies, l&rsquo;\u00e9quipement de la police et de la garde des fronti\u00e8res et de l&rsquo;administration fiscale nationale, ainsi que les travaux utilis\u00e9s, entre autres, pour d\u00e9sarmer les explosifs ou transporter les mati\u00e8res dangereuses.<\/p>\n<p>L&rsquo;objectif de l&rsquo;\u00e9v\u00e9nement est de promouvoir les questions de s\u00e9curit\u00e9 nationale aupr\u00e8s des \u00e9coliers, des \u00e9tudiants et des r\u00e9sidents de la r\u00e9gion.<\/p>\n","protected":false},"excerpt":{"rendered":"<p>L&rsquo;\u00c9cole professionnelle sup\u00e9rieure publique \u00e0 Zamo\u015b\u0107 et le Centre des services en uniforme de l&rsquo;\u00c9cole secondaire g\u00e9n\u00e9rale \u00e0 Zamo\u015b\u0107 organisent la Journ\u00e9e nationale de la s\u00e9curit\u00e9 le 26 mai 2019. L&rsquo;\u00e9v\u00e9nement aura lieu sur la place du Grand March\u00e9 \u00e0 \u00a0Zamo\u015b\u0107. Pendant la Journ\u00e9e de la s\u00e9curit\u00e9 nationale, il y aura l&rsquo;occasion de voir l&rsquo;\u00e9quipement [&hellip;]<\/p>\n","protected":false},"author":11,"featured_media":0,"comment_status":"closed","ping_status":"closed","sticky":false,"template":"","format":"standard","meta":[],"categories":[41],"tags":[],"_links":{"self":[{"href":"https:\/\/www.polishscience.pl\/fr\/wp-json\/wp\/v2\/posts\/76735"}],"collection":[{"href":"https:\/\/www.polishscience.pl\/fr\/wp-json\/wp\/v2\/posts"}],"about":[{"href":"https:\/\/www.polishscience.pl\/fr\/wp-json\/wp\/v2\/types\/post"}],"author":[{"embeddable":true,"href":"https:\/\/www.polishscience.pl\/fr\/wp-json\/wp\/v2\/users\/11"}],"replies":[{"embeddable":true,"href":"https:\/\/www.polishscience.pl\/fr\/wp-json\/wp\/v2\/comments?post=76735"}],"version-history":[{"count":0,"href":"https:\/\/www.polishscience.pl\/fr\/wp-json\/wp\/v2\/posts\/76735\/revisions"}],"wp:attachment":[{"href":"https:\/\/www.polishscience.pl\/fr\/wp-json\/wp\/v2\/media?parent=76735"}],"wp:term":[{"taxonomy":"category","embeddable":true,"href":"https:\/\/www.polishscience.pl\/fr\/wp-json\/wp\/v2\/categories?post=76735"},{"taxonomy":"post_tag","embeddable":true,"href":"https:\/\/www.polishscience.pl\/fr\/wp-json\/wp\/v2\/tags?post=76735"}],"curies":[{"name":"wp","href":"https:\/\/api.w.org\/{rel}","templated":true}]}}