{"id":75582,"date":"2019-05-15T13:18:36","date_gmt":"2019-05-15T11:18:36","guid":{"rendered":"http:\/\/polishscience.pl\/?p=75582"},"modified":"2019-05-15T13:18:36","modified_gmt":"2019-05-15T11:18:36","slug":"la-conference-daleksander-kwasniewski-a-luniversite-jan-kochanowski-de-kielce","status":"publish","type":"post","link":"https:\/\/www.polishscience.pl\/fr\/la-conference-daleksander-kwasniewski-a-luniversite-jan-kochanowski-de-kielce\/","title":{"rendered":"La conf\u00e9rence d\u2019Aleksander Kwa\u015bniewski \u00e0 l&rsquo;Universit\u00e9 Jan Kochanowski de Kielce"},"content":{"rendered":"<p><strong>Le 20 mai 2019, l&rsquo;ancien pr\u00e9sident polonais Aleksander Kwa\u015bniewski donnera une conf\u00e9rence \u00e0 l&rsquo;Universit\u00e9 Jan Kochanowski de Kielce (UJK) sur \u00ab\u00a015 ans d&rsquo;adh\u00e9sion de la Pologne \u00e0 l&rsquo;Union europ\u00e9enne\u00a0\u00bb.<\/strong><\/p>\n<p>L&rsquo;\u00e9v\u00e9nement comm\u00e9morant le 15\u00e8me anniversaire de l&rsquo;adh\u00e9sion de la Pologne \u00e0 l&rsquo;Union europ\u00e9enne est organis\u00e9 par le Barreau des \u00e9tudiants de l&rsquo;Universit\u00e9 Jan Kochanowski \u00e0 Kielce.<\/p>\n<p>Comme les organisateurs le soulignent dans la d\u00e9claration, le Pr\u00e9sident Aleksander Kwasniewski a particip\u00e9 activement au processus d&rsquo;int\u00e9gration de notre pays \u00e0 l&rsquo;Union europ\u00e9enne et est responsable de l&rsquo;\u00e9laboration d&rsquo;un consensus entre les partis, qui a abouti \u00e0 l&rsquo;adh\u00e9sion de la Pologne \u00e0 l&rsquo;Union europ\u00e9enne, l&rsquo;adh\u00e9sion \u00e0 l&rsquo;OTAN et l&rsquo;adoption de la Constitution actuelle de la Pologne.<\/p>\n<p>La conf\u00e9rence aura lieu \u00e0 11h30 dans le b\u00e2timent du Centre d\u2019entrepreneuriat et d\u2019affaires de l\u2019UJK \u00e0 Kielce au 21 rue \u015awi\u0119tokrzyska.<\/p>\n","protected":false},"excerpt":{"rendered":"<p>Le 20 mai 2019, l&rsquo;ancien pr\u00e9sident polonais Aleksander Kwa\u015bniewski donnera une conf\u00e9rence \u00e0 l&rsquo;Universit\u00e9 Jan Kochanowski de Kielce (UJK) sur \u00ab\u00a015 ans d&rsquo;adh\u00e9sion de la Pologne \u00e0 l&rsquo;Union europ\u00e9enne\u00a0\u00bb. L&rsquo;\u00e9v\u00e9nement comm\u00e9morant le 15\u00e8me anniversaire de l&rsquo;adh\u00e9sion de la Pologne \u00e0 l&rsquo;Union europ\u00e9enne est organis\u00e9 par le Barreau des \u00e9tudiants de l&rsquo;Universit\u00e9 Jan Kochanowski \u00e0 Kielce. [&hellip;]<\/p>\n","protected":false},"author":11,"featured_media":0,"comment_status":"closed","ping_status":"closed","sticky":false,"template":"","format":"standard","meta":[],"categories":[41],"tags":[],"_links":{"self":[{"href":"https:\/\/www.polishscience.pl\/fr\/wp-json\/wp\/v2\/posts\/75582"}],"collection":[{"href":"https:\/\/www.polishscience.pl\/fr\/wp-json\/wp\/v2\/posts"}],"about":[{"href":"https:\/\/www.polishscience.pl\/fr\/wp-json\/wp\/v2\/types\/post"}],"author":[{"embeddable":true,"href":"https:\/\/www.polishscience.pl\/fr\/wp-json\/wp\/v2\/users\/11"}],"replies":[{"embeddable":true,"href":"https:\/\/www.polishscience.pl\/fr\/wp-json\/wp\/v2\/comments?post=75582"}],"version-history":[{"count":0,"href":"https:\/\/www.polishscience.pl\/fr\/wp-json\/wp\/v2\/posts\/75582\/revisions"}],"wp:attachment":[{"href":"https:\/\/www.polishscience.pl\/fr\/wp-json\/wp\/v2\/media?parent=75582"}],"wp:term":[{"taxonomy":"category","embeddable":true,"href":"https:\/\/www.polishscience.pl\/fr\/wp-json\/wp\/v2\/categories?post=75582"},{"taxonomy":"post_tag","embeddable":true,"href":"https:\/\/www.polishscience.pl\/fr\/wp-json\/wp\/v2\/tags?post=75582"}],"curies":[{"name":"wp","href":"https:\/\/api.w.org\/{rel}","templated":true}]}}